{"id":8373,"date":"2015-02-27T17:10:02","date_gmt":"2015-02-27T20:10:02","guid":{"rendered":"https:\/\/jusprev.org.br\/backup\/?p=8373"},"modified":"2015-02-27T17:10:02","modified_gmt":"2015-02-27T20:10:02","slug":"cartilha-declaracao-imposto-de-renda-2015","status":"publish","type":"post","link":"https:\/\/jusprev.org.br\/backup\/cartilha-declaracao-imposto-de-renda-2015\/","title":{"rendered":"Cartilha Declara\u00e7\u00e3o Imposto de Renda &#8211; 2015"},"content":{"rendered":"<p style=\"text-align: justify;\">Como forma de orientar seus participantes, a JUSPREV apresenta um guia para o preenchimento correto da sua Declara\u00e7\u00e3o de Imposto de Renda 2015. A publica\u00e7\u00e3o objetiva informar a todos sobre as obrigatoriedades, formas de elabora\u00e7\u00e3o a declara\u00e7\u00e3o de IRPF, modelos de declara\u00e7\u00e3o, novidades introduzidas a partir de 2014, entre outros itens.<\/p>\n<p><a href=\"https:\/\/jusprev.org.br\/backup\/wp-content\/uploads\/2015\/02\/Cartilha-IR-2015.pdf\">Acesse aqui a cartilha.<\/a><\/p>\n","protected":false},"excerpt":{"rendered":"<p>Como forma de orientar seus participantes, a JUSPREV apresenta um guia para o preenchimento correto da sua Declara\u00e7\u00e3o de Imposto de Renda 2015. A publica\u00e7\u00e3o objetiva informar a todos sobre&#8230;<\/p>\n","protected":false},"author":4,"featured_media":0,"comment_status":"closed","ping_status":"closed","sticky":false,"template":"","format":"standard","meta":{"footnotes":""},"categories":[31],"tags":[],"class_list":["post-8373","post","type-post","status-publish","format-standard","hentry","category-noticias"],"_links":{"self":[{"href":"https:\/\/jusprev.org.br\/backup\/wp-json\/wp\/v2\/posts\/8373","targetHints":{"allow":["GET"]}}],"collection":[{"href":"https:\/\/jusprev.org.br\/backup\/wp-json\/wp\/v2\/posts"}],"about":[{"href":"https:\/\/jusprev.org.br\/backup\/wp-json\/wp\/v2\/types\/post"}],"author":[{"embeddable":true,"href":"https:\/\/jusprev.org.br\/backup\/wp-json\/wp\/v2\/users\/4"}],"replies":[{"embeddable":true,"href":"https:\/\/jusprev.org.br\/backup\/wp-json\/wp\/v2\/comments?post=8373"}],"version-history":[{"count":0,"href":"https:\/\/jusprev.org.br\/backup\/wp-json\/wp\/v2\/posts\/8373\/revisions"}],"wp:attachment":[{"href":"https:\/\/jusprev.org.br\/backup\/wp-json\/wp\/v2\/media?parent=8373"}],"wp:term":[{"taxonomy":"category","embeddable":true,"href":"https:\/\/jusprev.org.br\/backup\/wp-json\/wp\/v2\/categories?post=8373"},{"taxonomy":"post_tag","embeddable":true,"href":"https:\/\/jusprev.org.br\/backup\/wp-json\/wp\/v2\/tags?post=8373"}],"curies":[{"name":"wp","href":"https:\/\/api.w.org\/{rel}","templated":true}]}}