{"id":8382,"date":"2015-03-05T12:21:32","date_gmt":"2015-03-05T15:21:32","guid":{"rendered":"https:\/\/jusprev.org.br\/backup\/?p=8382"},"modified":"2015-03-05T12:21:32","modified_gmt":"2015-03-05T15:21:32","slug":"consultor-da-jusprev-fara-atendimento-na-sede-da-associacao-dos-magistrados-do-trabalho-da-9a-regiao","status":"publish","type":"post","link":"https:\/\/jusprev.org.br\/backup\/consultor-da-jusprev-fara-atendimento-na-sede-da-associacao-dos-magistrados-do-trabalho-da-9a-regiao\/","title":{"rendered":"Consultor da JUSPREV far\u00e1 atendimento na sede da Associa\u00e7\u00e3o dos Magistrados do Trabalho da 9\u00aa Regi\u00e3o"},"content":{"rendered":"<p style=\"text-align: justify;\">Nos dias 05, 06, 12 e 13 de mar\u00e7o, o consultor previdenci\u00e1rio da JUSPREV,\u00a0Sr. Jorge Luiz Baptista, estar\u00e1 na sede da AMATRA IX,\u00a0Av. Vicente Machado, 320 &#8211; Curitiba, prestando\u00a0atendimento\u00a0aos interessados em aderir ao PLANJUS \u2013 Plano de Benef\u00edcios Previdenci\u00e1rios\u00a0institu\u00eddo pela JUSPREV, possibilitando aos associados da AMATRA IX ou a seus\u00a0dependentes a imediata ades\u00e3o \u00e0 previd\u00eancia associativa criada especialmente para classe.<\/p>\n","protected":false},"excerpt":{"rendered":"<p>Nos dias 05, 06, 12 e 13 de mar\u00e7o, o consultor previdenci\u00e1rio da JUSPREV,\u00a0Sr. Jorge Luiz Baptista, estar\u00e1 na sede da AMATRA IX,\u00a0Av. Vicente Machado, 320 &#8211; Curitiba, prestando\u00a0atendimento\u00a0aos interessados&#8230;<\/p>\n","protected":false},"author":4,"featured_media":0,"comment_status":"closed","ping_status":"closed","sticky":false,"template":"","format":"standard","meta":{"footnotes":""},"categories":[31],"tags":[],"class_list":["post-8382","post","type-post","status-publish","format-standard","hentry","category-noticias"],"_links":{"self":[{"href":"https:\/\/jusprev.org.br\/backup\/wp-json\/wp\/v2\/posts\/8382","targetHints":{"allow":["GET"]}}],"collection":[{"href":"https:\/\/jusprev.org.br\/backup\/wp-json\/wp\/v2\/posts"}],"about":[{"href":"https:\/\/jusprev.org.br\/backup\/wp-json\/wp\/v2\/types\/post"}],"author":[{"embeddable":true,"href":"https:\/\/jusprev.org.br\/backup\/wp-json\/wp\/v2\/users\/4"}],"replies":[{"embeddable":true,"href":"https:\/\/jusprev.org.br\/backup\/wp-json\/wp\/v2\/comments?post=8382"}],"version-history":[{"count":0,"href":"https:\/\/jusprev.org.br\/backup\/wp-json\/wp\/v2\/posts\/8382\/revisions"}],"wp:attachment":[{"href":"https:\/\/jusprev.org.br\/backup\/wp-json\/wp\/v2\/media?parent=8382"}],"wp:term":[{"taxonomy":"category","embeddable":true,"href":"https:\/\/jusprev.org.br\/backup\/wp-json\/wp\/v2\/categories?post=8382"},{"taxonomy":"post_tag","embeddable":true,"href":"https:\/\/jusprev.org.br\/backup\/wp-json\/wp\/v2\/tags?post=8382"}],"curies":[{"name":"wp","href":"https:\/\/api.w.org\/{rel}","templated":true}]}}