{"id":8415,"date":"2015-03-25T12:25:27","date_gmt":"2015-03-25T15:25:27","guid":{"rendered":"https:\/\/jusprev.org.br\/backup\/?p=8415"},"modified":"2015-03-25T12:25:27","modified_gmt":"2015-03-25T15:25:27","slug":"previc-encerra-acao-fiscal-realizada-no-planjus-aprovando-a-documentacao-examinada","status":"publish","type":"post","link":"https:\/\/jusprev.org.br\/backup\/previc-encerra-acao-fiscal-realizada-no-planjus-aprovando-a-documentacao-examinada\/","title":{"rendered":"PREVIC encerra a\u00e7\u00e3o fiscal realizada no PLANJUS, aprovando a documenta\u00e7\u00e3o examinada."},"content":{"rendered":"<p style=\"text-align: justify;\">A JUSPREV informa ao seu Col\u00e9gio de Instituidoras, seus participantes e assistidos e \u00d3rg\u00e3os Colegiados, que, como resultado da a\u00e7\u00e3o fiscal realizada no PLANJUS pela Superintend\u00eancia Nacional de Previd\u00eancia Complementar \u2013 PREVIC, autarquia respons\u00e1vel por fiscalizar as atividades das entidades fechadas de previd\u00eancia complementar, recebemos o of\u00edcio, com o seguinte teor:<\/p>\n<p style=\"text-align: justify;\">\u201c(&#8230;) servimo-nos do presente para informar que, ap\u00f3s an\u00e1lise das manifesta\u00e7\u00f5es e considera\u00e7\u00f5es prestadas por essa Entidade, foi considerada encerrada a a\u00e7\u00e3o fiscal realizada no Plano de Benef\u00edcios Previdenci\u00e1rios J\u00faris \u2013 PLANJUS\u201d.<\/p>\n<p style=\"text-align: justify;\">Desse modo, a JUSPREV comprova o efetivo cumprimento das normas legais exigidas pela PREVIC.<\/p>\n<p style=\"text-align: justify;\">\n","protected":false},"excerpt":{"rendered":"<p>A JUSPREV informa ao seu Col\u00e9gio de Instituidoras, seus participantes e assistidos e \u00d3rg\u00e3os Colegiados, que, como resultado da a\u00e7\u00e3o fiscal realizada no PLANJUS pela Superintend\u00eancia Nacional de Previd\u00eancia Complementar&#8230;<\/p>\n","protected":false},"author":4,"featured_media":0,"comment_status":"closed","ping_status":"closed","sticky":false,"template":"","format":"standard","meta":{"footnotes":""},"categories":[31],"tags":[],"class_list":["post-8415","post","type-post","status-publish","format-standard","hentry","category-noticias"],"_links":{"self":[{"href":"https:\/\/jusprev.org.br\/backup\/wp-json\/wp\/v2\/posts\/8415","targetHints":{"allow":["GET"]}}],"collection":[{"href":"https:\/\/jusprev.org.br\/backup\/wp-json\/wp\/v2\/posts"}],"about":[{"href":"https:\/\/jusprev.org.br\/backup\/wp-json\/wp\/v2\/types\/post"}],"author":[{"embeddable":true,"href":"https:\/\/jusprev.org.br\/backup\/wp-json\/wp\/v2\/users\/4"}],"replies":[{"embeddable":true,"href":"https:\/\/jusprev.org.br\/backup\/wp-json\/wp\/v2\/comments?post=8415"}],"version-history":[{"count":0,"href":"https:\/\/jusprev.org.br\/backup\/wp-json\/wp\/v2\/posts\/8415\/revisions"}],"wp:attachment":[{"href":"https:\/\/jusprev.org.br\/backup\/wp-json\/wp\/v2\/media?parent=8415"}],"wp:term":[{"taxonomy":"category","embeddable":true,"href":"https:\/\/jusprev.org.br\/backup\/wp-json\/wp\/v2\/categories?post=8415"},{"taxonomy":"post_tag","embeddable":true,"href":"https:\/\/jusprev.org.br\/backup\/wp-json\/wp\/v2\/tags?post=8415"}],"curies":[{"name":"wp","href":"https:\/\/api.w.org\/{rel}","templated":true}]}}