{"id":8432,"date":"2015-03-25T16:22:52","date_gmt":"2015-03-25T19:22:52","guid":{"rendered":"https:\/\/jusprev.org.br\/backup\/?p=8432"},"modified":"2015-03-25T16:22:52","modified_gmt":"2015-03-25T19:22:52","slug":"jusprev-realiza-a-primeira-reuniao-dos-orgaos-colegiados-de-2015","status":"publish","type":"post","link":"https:\/\/jusprev.org.br\/backup\/jusprev-realiza-a-primeira-reuniao-dos-orgaos-colegiados-de-2015\/","title":{"rendered":"JUSPREV realiza a primeira reuni\u00e3o dos \u00d3rg\u00e3os Colegiados de 2015"},"content":{"rendered":"<p style=\"text-align: justify;\">No dia 24 de mar\u00e7o foi realizada, na sede do Minist\u00e9rio \u00a0P\u00fablico Militar em Bras\u00edlia, a primeira reuni\u00e3o dos \u00d3rg\u00e3os Colegiados da JUSPREV de 2015. Estiveram presentes integrantes do Col\u00e9gio de Instituidoras, do Conselho Deliberativo, Conselho Fiscal e da Diretoria Executiva que discutiram e deliberaram assuntos de suas compet\u00eancias. A reuni\u00e3o foi presidida pelo Presidente do Conselho Deliberativo \u2013 Dr. Luiz Ant\u00f4nio Ferreira de Ara\u00fajo, tamb\u00e9m compunham a mesa a Diretora-Presidente da JUSPREV \u2013 Dra. Maria Tereza Uille Gomes, o Diretor Jur\u00eddico e de Benef\u00edcios \u2013 Dr. Vanderley Jos\u00e9 Ma\u00e7aneiro, o Presidente da Associa\u00e7\u00e3o Nacional do Minist\u00e9rio P\u00fablico Militar \u2013 Dr. Giovanni Rattacaso e a presidente do Conselho Fiscal \u2013 Dra. Vera Grace Paranagu\u00e1 Cunha.<\/p>\n<p style=\"text-align: justify;\">Na ocasi\u00e3o foi aprovada a ata, referente \u00e0 \u00faltima reuni\u00e3o realizada em 15 de dezembro de 2014. Um dos pontos fortes foi a explana\u00e7\u00e3o sobre a gest\u00e3o dos ativos e rentabilidade do Fundo JUSPREV realizada por Guilherme Benites \u2013 s\u00f3cio fundador da ADITUS Consultoria. Outro destaque, foi a aprova\u00e7\u00e3o do Demonstrativo de Avalia\u00e7\u00e3o Atuarial \u2013 DA \u2013 emitido pela DATA A consultoria e a aprova\u00e7\u00e3o do parecer emitido pelo Conselho Fiscal e manifesta\u00e7\u00e3o do Conselho Deliberativo sobre as demonstra\u00e7\u00f5es cont\u00e1beis, notas explicativas, parecer da auditoria externa, parecer atuarial e do balan\u00e7o, referentes ao per\u00edodo de 2014.<\/p>\n","protected":false},"excerpt":{"rendered":"<p>No dia 24 de mar\u00e7o foi realizada, na sede do Minist\u00e9rio \u00a0P\u00fablico Militar em Bras\u00edlia, a primeira reuni\u00e3o dos \u00d3rg\u00e3os Colegiados da JUSPREV de 2015. Estiveram presentes integrantes do Col\u00e9gio&#8230;<\/p>\n","protected":false},"author":4,"featured_media":0,"comment_status":"closed","ping_status":"closed","sticky":false,"template":"","format":"standard","meta":{"footnotes":""},"categories":[31],"tags":[],"class_list":["post-8432","post","type-post","status-publish","format-standard","hentry","category-noticias"],"_links":{"self":[{"href":"https:\/\/jusprev.org.br\/backup\/wp-json\/wp\/v2\/posts\/8432","targetHints":{"allow":["GET"]}}],"collection":[{"href":"https:\/\/jusprev.org.br\/backup\/wp-json\/wp\/v2\/posts"}],"about":[{"href":"https:\/\/jusprev.org.br\/backup\/wp-json\/wp\/v2\/types\/post"}],"author":[{"embeddable":true,"href":"https:\/\/jusprev.org.br\/backup\/wp-json\/wp\/v2\/users\/4"}],"replies":[{"embeddable":true,"href":"https:\/\/jusprev.org.br\/backup\/wp-json\/wp\/v2\/comments?post=8432"}],"version-history":[{"count":0,"href":"https:\/\/jusprev.org.br\/backup\/wp-json\/wp\/v2\/posts\/8432\/revisions"}],"wp:attachment":[{"href":"https:\/\/jusprev.org.br\/backup\/wp-json\/wp\/v2\/media?parent=8432"}],"wp:term":[{"taxonomy":"category","embeddable":true,"href":"https:\/\/jusprev.org.br\/backup\/wp-json\/wp\/v2\/categories?post=8432"},{"taxonomy":"post_tag","embeddable":true,"href":"https:\/\/jusprev.org.br\/backup\/wp-json\/wp\/v2\/tags?post=8432"}],"curies":[{"name":"wp","href":"https:\/\/api.w.org\/{rel}","templated":true}]}}