{"id":8439,"date":"2015-04-01T10:49:37","date_gmt":"2015-04-01T13:49:37","guid":{"rendered":"https:\/\/jusprev.org.br\/backup\/?p=8439"},"modified":"2015-04-01T10:49:37","modified_gmt":"2015-04-01T13:49:37","slug":"expediente-jusprev-feriado-de-pascoa","status":"publish","type":"post","link":"https:\/\/jusprev.org.br\/backup\/expediente-jusprev-feriado-de-pascoa\/","title":{"rendered":"Expediente JUSPREV &#8211; Feriado de P\u00e1scoa"},"content":{"rendered":"<p>A JUSPREV informa que, em virtude do feriado de P\u00e1scoa, estar\u00e1 fechada nos dias 02 e 03\/04\/2015. O expediente volta ao normal no dia 06\/04\/2015, segunda \u2013 feira, a partir das 09h.<\/p>\n","protected":false},"excerpt":{"rendered":"<p>A JUSPREV informa que, em virtude do feriado de P\u00e1scoa, estar\u00e1 fechada nos dias 02 e 03\/04\/2015. O expediente volta ao normal no dia 06\/04\/2015, segunda \u2013 feira, a partir&#8230;<\/p>\n","protected":false},"author":4,"featured_media":0,"comment_status":"closed","ping_status":"closed","sticky":false,"template":"","format":"standard","meta":{"footnotes":""},"categories":[31],"tags":[],"class_list":["post-8439","post","type-post","status-publish","format-standard","hentry","category-noticias"],"_links":{"self":[{"href":"https:\/\/jusprev.org.br\/backup\/wp-json\/wp\/v2\/posts\/8439","targetHints":{"allow":["GET"]}}],"collection":[{"href":"https:\/\/jusprev.org.br\/backup\/wp-json\/wp\/v2\/posts"}],"about":[{"href":"https:\/\/jusprev.org.br\/backup\/wp-json\/wp\/v2\/types\/post"}],"author":[{"embeddable":true,"href":"https:\/\/jusprev.org.br\/backup\/wp-json\/wp\/v2\/users\/4"}],"replies":[{"embeddable":true,"href":"https:\/\/jusprev.org.br\/backup\/wp-json\/wp\/v2\/comments?post=8439"}],"version-history":[{"count":0,"href":"https:\/\/jusprev.org.br\/backup\/wp-json\/wp\/v2\/posts\/8439\/revisions"}],"wp:attachment":[{"href":"https:\/\/jusprev.org.br\/backup\/wp-json\/wp\/v2\/media?parent=8439"}],"wp:term":[{"taxonomy":"category","embeddable":true,"href":"https:\/\/jusprev.org.br\/backup\/wp-json\/wp\/v2\/categories?post=8439"},{"taxonomy":"post_tag","embeddable":true,"href":"https:\/\/jusprev.org.br\/backup\/wp-json\/wp\/v2\/tags?post=8439"}],"curies":[{"name":"wp","href":"https:\/\/api.w.org\/{rel}","templated":true}]}}