{"id":8443,"date":"2015-04-06T12:32:30","date_gmt":"2015-04-06T15:32:30","guid":{"rendered":"https:\/\/jusprev.org.br\/backup\/?p=8443"},"modified":"2015-04-06T12:32:30","modified_gmt":"2015-04-06T15:32:30","slug":"brasileiros-gostariam-de-ter-se-preparado-melhor-para-aposentadoria","status":"publish","type":"post","link":"https:\/\/jusprev.org.br\/backup\/brasileiros-gostariam-de-ter-se-preparado-melhor-para-aposentadoria\/","title":{"rendered":"Brasileiros gostariam de ter se preparado melhor para aposentadoria"},"content":{"rendered":"<p style=\"text-align: justify;\">Um antigo ditado popular que adotei logo ap\u00f3s os 40 anos de vida foi: Voc\u00ea est\u00e1 ficando velho quando seus arrependimentos s\u00e3o maiores que seus sonhos?<\/p>\n<p style=\"text-align: justify;\">Lembrei desse importante aprendizado ao ler um\u00a0 recente estudo da gestora de\u00a0investimentos BlackRock, com 27 mil pessoas no mundo, 4 mil da Am\u00e9rica Latina, incluindo o Brasil na faixa et\u00e1ria entre 55 e 64 anos. O objetivo era descobrir quantas delas se prepararam, efetivamente, para a aposentadoria.<\/p>\n<p style=\"text-align: justify;\">Adicionalmente, solicitaram aos participantes dicas ou recomenda\u00e7\u00f5es para os mais jovens\u00a0 sobre alguns cuidados preventivos que muitos n\u00e3o tiveram e\u00a0 s\u00f3 agora se mostram arrependidos, ao terem que pagar um\u00a0pre\u00e7o\u00a0financeiro e emocional muito alto.<\/p>\n<p style=\"text-align: justify;\">Tomando em considera\u00e7\u00e3o apenas a amostragem de brasileiros, as recomenda\u00e7\u00f5es s\u00e3o as seguintes: 38% afirmam que teriam come\u00e7ado a poupar mais cedo; 47% teriam gastado bem menos do que o fizeram; 25% teriam priorizado a aposentadoria em vez de outras coisas; e 26% teriam quitado suas d\u00edvidas mais cedo.<\/p>\n<p style=\"text-align: justify;\">Merece registro tamb\u00e9m o fato de que apenas 22% conseguem economizar e 27% tem conseguido fazer algum tipo de investimento\u00a0ou poupan\u00e7a. Mas o dado mais alarmante \u00e9 que a grande maioria constatou que o valor poupado n\u00e3o vai permitir manter o seu padr\u00e3o de vida ao longo da aposentadoria.<\/p>\n<p style=\"text-align: justify;\">Os estudos no Brasil sobre a rela\u00e7\u00e3o entre longevidade, previd\u00eancia e aposentadoria mostram uma perspectiva de acentuada preocupa\u00e7\u00e3o. Segundo Thom\u00e1s Tosta de S\u00e1, presidente do Ibmec, nossa pir\u00e2mide et\u00e1ria tem hoje o formato de uma granada, e acelerar o andamento dos projetos e estudos sobre o tema \u00e9 uma forma de evitar que a previd\u00eancia seja detonada antes do tempo. Da maneira como est\u00e1, conclui ele, o\u00a0modelo\u00a0j\u00e1 \u00e9 insustent\u00e1vel.<\/p>\n<p style=\"text-align: justify;\">Outra observa\u00e7\u00e3o interessante \u00e9 feita pelo ministro da Educa\u00e7\u00e3o e professor de \u00e9tica e filosofia Renato Janine Ribeiro quando diz que deveriam ser incorporadas discuss\u00f5es mais modernas ao debate sobre a sustentabilidade financeira da previd\u00eancia. Para ele, \u00e9 um absurdo trabalhar at\u00e9 os 60 anos e, no dia seguinte \u00e0 aposentadoria, n\u00e3o se trabalhar mais nada. Seria muito mais interessante ser incorporado ao mercado de trabalho aos poucos, quando se \u00e9 jovem, e ir se desincorporando gradualmente, reduzindo o ritmo a partir dos 50. Para Janine, essa seria uma forma mais inteligente de aproveitar os ganhos de produtividade, a longevidade e a energia f\u00edsica, somada \u00e0 experi\u00eancia pr\u00f3pria do in\u00edcio da maturidade.<\/p>\n<p style=\"text-align: justify;\">A cada dia fica mais claro que essa deve ser uma preocupa\u00e7\u00e3o e um compromisso das pessoas na meia-idade, buscando maior equil\u00edbrio entre os v\u00e1rios pap\u00e9is que desempenham. Afinal, sucesso\u00a0profissional\u00a0que tem como pre\u00e7o o fracasso nas dimens\u00f5es da vida pessoal conjugal, familiar, social, educacional, espiritual e individual em muitos casos s\u00f3 vai ser percebido na v\u00e9spera da aposentadoria.<\/p>\n<p style=\"text-align: justify;\">Uma das dificuldades que est\u00e1 cada dia mais presente em nossa sociedade \u00e9 a preocupa\u00e7\u00e3o em querer demonstrar, virtualmente, uma felicidade e consumismo exibicionista. Isso atrapalha a capacidade de aprender com os erros, falhas e fracassos raz\u00e3o pela qual o in\u00edcio deste artigo est\u00e1 centrado nos aprendizados dos erros cometidos por quem chegou a aposentadoria sem o m\u00ednimo preparo.<\/p>\n<p style=\"text-align: justify;\">Fonte:\u00a0www.brasiliaeaqui.com.br<\/p>\n","protected":false},"excerpt":{"rendered":"<p>Um antigo ditado popular que adotei logo ap\u00f3s os 40 anos de vida foi: Voc\u00ea est\u00e1 ficando velho quando seus arrependimentos s\u00e3o maiores que seus sonhos? Lembrei desse importante aprendizado&#8230;<\/p>\n","protected":false},"author":4,"featured_media":0,"comment_status":"closed","ping_status":"closed","sticky":false,"template":"","format":"standard","meta":{"footnotes":""},"categories":[31],"tags":[],"class_list":["post-8443","post","type-post","status-publish","format-standard","hentry","category-noticias"],"_links":{"self":[{"href":"https:\/\/jusprev.org.br\/backup\/wp-json\/wp\/v2\/posts\/8443","targetHints":{"allow":["GET"]}}],"collection":[{"href":"https:\/\/jusprev.org.br\/backup\/wp-json\/wp\/v2\/posts"}],"about":[{"href":"https:\/\/jusprev.org.br\/backup\/wp-json\/wp\/v2\/types\/post"}],"author":[{"embeddable":true,"href":"https:\/\/jusprev.org.br\/backup\/wp-json\/wp\/v2\/users\/4"}],"replies":[{"embeddable":true,"href":"https:\/\/jusprev.org.br\/backup\/wp-json\/wp\/v2\/comments?post=8443"}],"version-history":[{"count":0,"href":"https:\/\/jusprev.org.br\/backup\/wp-json\/wp\/v2\/posts\/8443\/revisions"}],"wp:attachment":[{"href":"https:\/\/jusprev.org.br\/backup\/wp-json\/wp\/v2\/media?parent=8443"}],"wp:term":[{"taxonomy":"category","embeddable":true,"href":"https:\/\/jusprev.org.br\/backup\/wp-json\/wp\/v2\/categories?post=8443"},{"taxonomy":"post_tag","embeddable":true,"href":"https:\/\/jusprev.org.br\/backup\/wp-json\/wp\/v2\/tags?post=8443"}],"curies":[{"name":"wp","href":"https:\/\/api.w.org\/{rel}","templated":true}]}}