{"id":8458,"date":"2015-04-16T15:44:15","date_gmt":"2015-04-16T18:44:15","guid":{"rendered":"https:\/\/jusprev.org.br\/backup\/?p=8458"},"modified":"2015-04-16T15:44:15","modified_gmt":"2015-04-16T18:44:15","slug":"nao-ha-educacao-sobre-o-planejamento-da-aposentadoria","status":"publish","type":"post","link":"https:\/\/jusprev.org.br\/backup\/nao-ha-educacao-sobre-o-planejamento-da-aposentadoria\/","title":{"rendered":"N\u00e3o h\u00e1 educa\u00e7\u00e3o sobre o planejamento da aposentadoria"},"content":{"rendered":"<p style=\"text-align: justify;\">N\u00e3o d\u00e1 para deixar para amanh\u00e3. Com a expectativa de vida se esticando cada vez mais, \u00e9 importante que haja uma prepara\u00e7\u00e3o para garantir uma aposentadoria, essa renda que complementa ou sustenta muitas fam\u00edlias que pensaram no futuro. Levei um susto. Li um artigo sobre um levantamento feito pelo SPC Brasil (Servi\u00e7o de Prote\u00e7\u00e3o ao Cr\u00e9dito), 57% da popula\u00e7\u00e3o brasileira n\u00e3o tem essa preocupa\u00e7\u00e3o. E, segundo a pesquisa, dentre as pessoas menos escolarizadas, com at\u00e9 o Ensino Fundamental completo, o percentual aumenta para 62%. \u00c9 grave a situa\u00e7\u00e3o.<\/p>\n<p style=\"text-align: justify;\">Pois \u00e9, em rela\u00e7\u00e3o aos menos escolarizados, o professor de finan\u00e7as da Fipecafi (Funda\u00e7\u00e3o Instituto de Pesquisas Cont\u00e1beis, Atuariais e Financeiras), Silvio Paix\u00e3o, aponta tr\u00eas fatores que explicam o percentual mais alto. \u00a0Primeiro a falta de preparo educacional com rela\u00e7\u00e3o \u00e0s finan\u00e7as; falta de renda, que diminui a capacidade de poupar; e, segundo; um problema especificamente nacional, a\u00ed entra as politicas do Governo Federal, poisa alta infla\u00e7\u00e3o tamb\u00e9m dificulta o ac\u00famulo de dinheiro.Terceiro: tendo como cen\u00e1rio uma crise econ\u00f4mica cada vez mais instalada, o que prevemos \u00e9 a diminui\u00e7\u00e3o na capacidade das fam\u00edlias de guardar recursos nos pr\u00f3ximos tr\u00eas anos. O pouco que as pessoas t\u00eam ser\u00e1 consumido. A amplia\u00e7\u00e3o do consumo aumentou os padr\u00f5es, que custar\u00e3o a reduzir. Por exemplo: quem aprendeu a andar de carro ou moto, dificilmente voltar\u00e1 a enfrentar o transporte p\u00fablico. Essa \u00e9 uma realidade.<\/p>\n<p style=\"text-align: justify;\">L\u00e1 na pesquisa tamb\u00e9m informa que 59% dos jovens entre 18 e 24 anos n\u00e3o se preparam para a velhice. Dados preocupantes. Os jovens simplesmente se esquecem que um dia precisar\u00e3o da aposentadoria e acabam s\u00f3 pensando no momento.Destaco aqui que mesmo com uma renda pequena, \u00e9 poss\u00edvel poupar se houver organiza\u00e7\u00e3o e planejamento. Se um jovem de 25 anos come\u00e7ar a poupar R$ 50 por m\u00eas, aos 50 anos ele ter\u00e1 uma renda de quase R$ 40 mil, considerando uma hip\u00f3tese de 6% de juros ao ano. \u00c9 importante ressaltar que n\u00e3o se deve contar apenas com o INSS (Instituto Nacional do Seguro Social). Dos 43% que investem no futuro, a poupan\u00e7a \u00e9 o meio mais procurado (25%), logo depois vem \u00e0 previd\u00eancia privada (14%). Com rela\u00e7\u00e3o a poupan\u00e7a esses dias de crises financeiras e alta da infla\u00e7\u00e3o\u00a0 levaram muitos retirarem suas poupan\u00e7as por n\u00e3o oferecer juros mensais atrativos.<\/p>\n<p style=\"text-align: justify;\">Muitos dizem que quando chega nos 30 anos fazem a pessoa mudar a forma de pensar. O per\u00edodo traz o dilema do envelhecimento. \u00c9 quando a ficha cai e a pessoa percebe que est\u00e1 saindo da juventude para viver a maturidade. E \u00e9 nessa fase da vida que a maioria dos profissionais come\u00e7am a se preocupar com a aposentadoria.<\/p>\n<p style=\"text-align: justify;\">S\u00f3 lembro que h\u00e1 dados do IBGE e l\u00e1 mostra que apenas 1% dos aposentados do INSS t\u00eam condi\u00e7\u00f5es o suficiente para sobreviver com qualidade. Outros 99% dependem de ajuda financeira da fam\u00edlia para pagar gastos, principalmente, com sa\u00fade. E \u00e9 por causa desse cen\u00e1rio alarmante que o trabalhador precisa planejar os investimentos e ser independente no futuro. A diversifica\u00e7\u00e3o \u00e9 o modelo ideal para formar uma aposentadoria segura. O importante \u00e9 pensar no assunto por que se depender Governo Federal os aposentados est\u00e3o fadado \u00e0 morte precoce. N\u00e3o h\u00e1 uma politica econ\u00f4mica de respeito aos aposentados neste pa\u00eds.<\/p>\n<p style=\"text-align: justify;\">fonte:\u00a0www.midiamax.com<\/p>\n","protected":false},"excerpt":{"rendered":"<p>N\u00e3o d\u00e1 para deixar para amanh\u00e3. Com a expectativa de vida se esticando cada vez mais, \u00e9 importante que haja uma prepara\u00e7\u00e3o para garantir uma aposentadoria, essa renda que complementa&#8230;<\/p>\n","protected":false},"author":4,"featured_media":0,"comment_status":"closed","ping_status":"closed","sticky":false,"template":"","format":"standard","meta":{"footnotes":""},"categories":[31],"tags":[],"class_list":["post-8458","post","type-post","status-publish","format-standard","hentry","category-noticias"],"_links":{"self":[{"href":"https:\/\/jusprev.org.br\/backup\/wp-json\/wp\/v2\/posts\/8458","targetHints":{"allow":["GET"]}}],"collection":[{"href":"https:\/\/jusprev.org.br\/backup\/wp-json\/wp\/v2\/posts"}],"about":[{"href":"https:\/\/jusprev.org.br\/backup\/wp-json\/wp\/v2\/types\/post"}],"author":[{"embeddable":true,"href":"https:\/\/jusprev.org.br\/backup\/wp-json\/wp\/v2\/users\/4"}],"replies":[{"embeddable":true,"href":"https:\/\/jusprev.org.br\/backup\/wp-json\/wp\/v2\/comments?post=8458"}],"version-history":[{"count":0,"href":"https:\/\/jusprev.org.br\/backup\/wp-json\/wp\/v2\/posts\/8458\/revisions"}],"wp:attachment":[{"href":"https:\/\/jusprev.org.br\/backup\/wp-json\/wp\/v2\/media?parent=8458"}],"wp:term":[{"taxonomy":"category","embeddable":true,"href":"https:\/\/jusprev.org.br\/backup\/wp-json\/wp\/v2\/categories?post=8458"},{"taxonomy":"post_tag","embeddable":true,"href":"https:\/\/jusprev.org.br\/backup\/wp-json\/wp\/v2\/tags?post=8458"}],"curies":[{"name":"wp","href":"https:\/\/api.w.org\/{rel}","templated":true}]}}