{"id":8472,"date":"2015-04-28T12:31:27","date_gmt":"2015-04-28T15:31:27","guid":{"rendered":"https:\/\/jusprev.org.br\/backup\/?p=8472"},"modified":"2015-04-28T12:31:27","modified_gmt":"2015-04-28T15:31:27","slug":"eleicao-2015-jusprev-inicia-divulgacao-do-processo-eleitoral-para-novos-membros-do-conselho-deliberativo-e-conselho-fiscal","status":"publish","type":"post","link":"https:\/\/jusprev.org.br\/backup\/eleicao-2015-jusprev-inicia-divulgacao-do-processo-eleitoral-para-novos-membros-do-conselho-deliberativo-e-conselho-fiscal\/","title":{"rendered":"ELEI\u00c7\u00c3O 2015 &#8211; JUSPREV inicia divulga\u00e7\u00e3o do processo eleitoral para novos membros do Conselho Deliberativo e Conselho Fiscal"},"content":{"rendered":"<p style=\"text-align: justify;\">As inscri\u00e7\u00f5es para a candidatura dos interessados em participar da elei\u00e7\u00e3o para os novos membros do Conselho Deliberativo e Conselho Fiscal da JUSPREV inicia no pr\u00f3ximo dia 11 . O processo ir\u00e1 eleger 12 (doze) novos membros para o Conselho Deliberativo (6 titulares e 6 suplentes) e para o Conselho Fiscal 6 (seis) membros (3 titulares e 3 suplentes).<\/p>\n<p style=\"text-align: justify;\">Todos os participantes da JUSPREV, maiores de 18 anos podem se candidatar aos cargos, como tamb\u00e9m os participantes assistidos, desde que preencham os requisitos estabelecidos no Regulamento Eleitoral e tamb\u00e9m no Edital de Convoca\u00e7\u00e3o da elei\u00e7\u00e3o. A inscri\u00e7\u00e3o dos candidatos poder\u00e1 ser feita entre os dias 11 e 29 de maio.<\/p>\n<p style=\"text-align: justify;\">O processo eleitoral \u00e9 uma oportunidade que os participantes t\u00eam para fazer parte dos Conselhos e participar das decis\u00f5es que dar\u00e3o continuidade ao fortalecimento do PLANJUS. \u00c9 uma excelente oportunidade para que novos gestores possam contribuir para a manuten\u00e7\u00e3o do crescimento alcan\u00e7ado pela JUSPREV, colaborando na melhoria dos benef\u00edcios e servi\u00e7os oferecidos pela JUSPREV.<\/p>\n<p style=\"text-align: justify;\">Mais informa\u00e7\u00f5es podem ser conferidas na documenta\u00e7\u00e3o abaixo, onde \u00e9 poss\u00edvel encontrar o Calend\u00e1rio da Elei\u00e7\u00e3o, o Edital, o Regulamento Eleitoral.<\/p>\n<p style=\"text-align: justify;\"><a href=\"https:\/\/jusprev.org.br\/backup\/wp-content\/uploads\/2015\/04\/Edital-de-Convoca\u00e7\u00e3o-Elei\u00e7\u00f5es-Deliberativo-e-Fiscal.pdf\">Acesse aqui<\/a> o Edital de Convoca\u00e7\u00e3o.<\/p>\n<p style=\"text-align: justify;\"><a href=\"https:\/\/jusprev.org.br\/backup\/wp-content\/uploads\/2015\/04\/REGULAMENTO-ELEITORAL-DOS-CONSELHOS-2015-2.pdf\">Acesse aqui<\/a> o Regulamento Eleitoral.<\/p>\n","protected":false},"excerpt":{"rendered":"<p>As inscri\u00e7\u00f5es para a candidatura dos interessados em participar da elei\u00e7\u00e3o para os novos membros do Conselho Deliberativo e Conselho Fiscal da JUSPREV inicia no pr\u00f3ximo dia 11 . O&#8230;<\/p>\n","protected":false},"author":4,"featured_media":0,"comment_status":"closed","ping_status":"closed","sticky":false,"template":"","format":"standard","meta":{"footnotes":""},"categories":[31],"tags":[],"class_list":["post-8472","post","type-post","status-publish","format-standard","hentry","category-noticias"],"_links":{"self":[{"href":"https:\/\/jusprev.org.br\/backup\/wp-json\/wp\/v2\/posts\/8472","targetHints":{"allow":["GET"]}}],"collection":[{"href":"https:\/\/jusprev.org.br\/backup\/wp-json\/wp\/v2\/posts"}],"about":[{"href":"https:\/\/jusprev.org.br\/backup\/wp-json\/wp\/v2\/types\/post"}],"author":[{"embeddable":true,"href":"https:\/\/jusprev.org.br\/backup\/wp-json\/wp\/v2\/users\/4"}],"replies":[{"embeddable":true,"href":"https:\/\/jusprev.org.br\/backup\/wp-json\/wp\/v2\/comments?post=8472"}],"version-history":[{"count":0,"href":"https:\/\/jusprev.org.br\/backup\/wp-json\/wp\/v2\/posts\/8472\/revisions"}],"wp:attachment":[{"href":"https:\/\/jusprev.org.br\/backup\/wp-json\/wp\/v2\/media?parent=8472"}],"wp:term":[{"taxonomy":"category","embeddable":true,"href":"https:\/\/jusprev.org.br\/backup\/wp-json\/wp\/v2\/categories?post=8472"},{"taxonomy":"post_tag","embeddable":true,"href":"https:\/\/jusprev.org.br\/backup\/wp-json\/wp\/v2\/tags?post=8472"}],"curies":[{"name":"wp","href":"https:\/\/api.w.org\/{rel}","templated":true}]}}