{"id":8507,"date":"2015-05-26T14:44:56","date_gmt":"2015-05-26T17:44:56","guid":{"rendered":"https:\/\/jusprev.org.br\/backup\/?p=8507"},"modified":"2015-05-26T14:44:56","modified_gmt":"2015-05-26T17:44:56","slug":"eleicoes-2015-inscricoes-vao-ate-a-proxima-sexta-feira","status":"publish","type":"post","link":"https:\/\/jusprev.org.br\/backup\/eleicoes-2015-inscricoes-vao-ate-a-proxima-sexta-feira\/","title":{"rendered":"Elei\u00e7\u00f5es 2015 &#8211; Inscri\u00e7\u00f5es v\u00e3o at\u00e9 a pr\u00f3xima sexta-feira"},"content":{"rendered":"<p style=\"text-align: justify;\">As inscri\u00e7\u00f5es para a candidatura dos interessados em participar da elei\u00e7\u00e3o para os novos membros do Conselho Deliberativo e Conselho Fiscal da JUSPREV se encerra no pr\u00f3ximo dia 29 (sexta-feira) . O processo ir\u00e1 eleger 12 (doze) novos membros para o Conselho Deliberativo (6 titulares e 6 suplentes) e para o Conselho Fiscal 6 (seis) membros (3 titulares e 3 suplentes).<\/p>\n<p style=\"text-align: justify;\">Todos os participantes da JUSPREV, maiores de 18 anos podem se candidatar aos cargos, como tamb\u00e9m os participantes assistidos, desde que preencham os requisitos estabelecidos no Regulamento Eleitoral e tamb\u00e9m no Edital de Convoca\u00e7\u00e3o da elei\u00e7\u00e3o.<\/p>\n<p style=\"text-align: justify;\">O processo eleitoral \u00e9 uma oportunidade que os participantes t\u00eam para fazer parte dos Conselhos e participar das decis\u00f5es que dar\u00e3o continuidade ao fortalecimento do PLANJUS. \u00c9 uma excelente oportunidade para que novos gestores possam contribuir para a manuten\u00e7\u00e3o do crescimento alcan\u00e7ado pela JUSPREV, colaborando na melhoria dos benef\u00edcios e servi\u00e7os oferecidos pela JUSPREV.<\/p>\n<p style=\"text-align: justify;\">A formaliza\u00e7\u00e3o da inscri\u00e7\u00e3o dos CANDIDATOS ocorrer\u00e1 mediante requerimento dirigido ao Presidente da Comiss\u00e3o Eleitoral Nacional, conforme modelo que segue anexo, e encaminhado por meio eletr\u00f4nico (jusprev@jusprev.org.br), ou por fax (41) 3252-8910, no prazo de 11 de maio de 2015 ao dia 29 de maio de 2015, at\u00e9 \u00e0s 18h00.<\/p>\n<p style=\"text-align: justify;\"><a href=\"https:\/\/jusprev.org.br\/backup\/wp-content\/uploads\/2015\/05\/Requerimento-de-Inscri\u00e7\u00e3o-de-Candidato.docx\">Acesse aqui o requerimento de inscri\u00e7\u00e3o de candidato.<\/a><\/p>\n<p style=\"text-align: justify;\">\n","protected":false},"excerpt":{"rendered":"<p>As inscri\u00e7\u00f5es para a candidatura dos interessados em participar da elei\u00e7\u00e3o para os novos membros do Conselho Deliberativo e Conselho Fiscal da JUSPREV se encerra no pr\u00f3ximo dia 29 (sexta-feira)&#8230;<\/p>\n","protected":false},"author":4,"featured_media":0,"comment_status":"closed","ping_status":"closed","sticky":false,"template":"","format":"standard","meta":{"footnotes":""},"categories":[31],"tags":[],"class_list":["post-8507","post","type-post","status-publish","format-standard","hentry","category-noticias"],"_links":{"self":[{"href":"https:\/\/jusprev.org.br\/backup\/wp-json\/wp\/v2\/posts\/8507","targetHints":{"allow":["GET"]}}],"collection":[{"href":"https:\/\/jusprev.org.br\/backup\/wp-json\/wp\/v2\/posts"}],"about":[{"href":"https:\/\/jusprev.org.br\/backup\/wp-json\/wp\/v2\/types\/post"}],"author":[{"embeddable":true,"href":"https:\/\/jusprev.org.br\/backup\/wp-json\/wp\/v2\/users\/4"}],"replies":[{"embeddable":true,"href":"https:\/\/jusprev.org.br\/backup\/wp-json\/wp\/v2\/comments?post=8507"}],"version-history":[{"count":0,"href":"https:\/\/jusprev.org.br\/backup\/wp-json\/wp\/v2\/posts\/8507\/revisions"}],"wp:attachment":[{"href":"https:\/\/jusprev.org.br\/backup\/wp-json\/wp\/v2\/media?parent=8507"}],"wp:term":[{"taxonomy":"category","embeddable":true,"href":"https:\/\/jusprev.org.br\/backup\/wp-json\/wp\/v2\/categories?post=8507"},{"taxonomy":"post_tag","embeddable":true,"href":"https:\/\/jusprev.org.br\/backup\/wp-json\/wp\/v2\/tags?post=8507"}],"curies":[{"name":"wp","href":"https:\/\/api.w.org\/{rel}","templated":true}]}}