{"id":8527,"date":"2015-06-08T11:25:10","date_gmt":"2015-06-08T14:25:10","guid":{"rendered":"https:\/\/jusprev.org.br\/backup\/?p=8527"},"modified":"2015-06-08T11:25:10","modified_gmt":"2015-06-08T14:25:10","slug":"eleicao-2015-jusprev-divulga-homologacao-da-candidatura-a-membros-do-conselho-deliberativo","status":"publish","type":"post","link":"https:\/\/jusprev.org.br\/backup\/eleicao-2015-jusprev-divulga-homologacao-da-candidatura-a-membros-do-conselho-deliberativo\/","title":{"rendered":"Elei\u00e7\u00e3o 2015 &#8211; JUSPREV divulga homologa\u00e7\u00e3o da candidatura a membros do Conselho Deliberativo"},"content":{"rendered":"<p style=\"text-align: justify;\">No cumprimento de suas atribui\u00e7\u00f5es e de conformidade com o Estatuto e com o Regulamento Eleitoral para Elei\u00e7\u00e3o de Membros dos Conselhos Deliberativo e Fiscal da JUSPREV, a\u00a0Comiss\u00e3o Eleitoral Nacional do Fundo de Pens\u00e3o Multiinstitu\u00eddo por Associa\u00e7\u00f5es do Minist\u00e9rio P\u00fablico e da Justi\u00e7a, divulga a homologa\u00e7\u00e3o\u00a0da candidatura dos candidatos a membros do CONSELHO DELIBERATIVO DA JUSPREV, representantes dos participantes e assistidos do PLANJUS, os quais realizaram sua inscri\u00e7\u00e3o do dia 11 ao dia 29 de maio de 2015.<\/p>\n<p style=\"text-align: justify;\"><a href=\"https:\/\/jusprev.org.br\/backup\/wp-content\/uploads\/2015\/06\/Resolu\u00e7\u00e3o-Comiss\u00e3o-Eleitoral-Nacional.pdf\">Acesse aqui o documento.<\/a><\/p>\n","protected":false},"excerpt":{"rendered":"<p>No cumprimento de suas atribui\u00e7\u00f5es e de conformidade com o Estatuto e com o Regulamento Eleitoral para Elei\u00e7\u00e3o de Membros dos Conselhos Deliberativo e Fiscal da JUSPREV, a\u00a0Comiss\u00e3o Eleitoral Nacional&#8230;<\/p>\n","protected":false},"author":4,"featured_media":0,"comment_status":"closed","ping_status":"closed","sticky":false,"template":"","format":"standard","meta":{"footnotes":""},"categories":[31],"tags":[],"class_list":["post-8527","post","type-post","status-publish","format-standard","hentry","category-noticias"],"_links":{"self":[{"href":"https:\/\/jusprev.org.br\/backup\/wp-json\/wp\/v2\/posts\/8527","targetHints":{"allow":["GET"]}}],"collection":[{"href":"https:\/\/jusprev.org.br\/backup\/wp-json\/wp\/v2\/posts"}],"about":[{"href":"https:\/\/jusprev.org.br\/backup\/wp-json\/wp\/v2\/types\/post"}],"author":[{"embeddable":true,"href":"https:\/\/jusprev.org.br\/backup\/wp-json\/wp\/v2\/users\/4"}],"replies":[{"embeddable":true,"href":"https:\/\/jusprev.org.br\/backup\/wp-json\/wp\/v2\/comments?post=8527"}],"version-history":[{"count":0,"href":"https:\/\/jusprev.org.br\/backup\/wp-json\/wp\/v2\/posts\/8527\/revisions"}],"wp:attachment":[{"href":"https:\/\/jusprev.org.br\/backup\/wp-json\/wp\/v2\/media?parent=8527"}],"wp:term":[{"taxonomy":"category","embeddable":true,"href":"https:\/\/jusprev.org.br\/backup\/wp-json\/wp\/v2\/categories?post=8527"},{"taxonomy":"post_tag","embeddable":true,"href":"https:\/\/jusprev.org.br\/backup\/wp-json\/wp\/v2\/tags?post=8527"}],"curies":[{"name":"wp","href":"https:\/\/api.w.org\/{rel}","templated":true}]}}