{"id":8544,"date":"2015-06-15T11:33:45","date_gmt":"2015-06-15T14:33:45","guid":{"rendered":"https:\/\/jusprev.org.br\/backup\/?p=8544"},"modified":"2015-06-15T11:33:45","modified_gmt":"2015-06-15T14:33:45","slug":"resolucao-cnpc-182015-ampliacao-da-possibilidade-de-adesao-de-participantes-em-planos-instituidos","status":"publish","type":"post","link":"https:\/\/jusprev.org.br\/backup\/resolucao-cnpc-182015-ampliacao-da-possibilidade-de-adesao-de-participantes-em-planos-instituidos\/","title":{"rendered":"Resolu\u00e7\u00e3o CNPC 18\/2015 &#8211; Amplia\u00e7\u00e3o da Possibilidade de Ades\u00e3o de Participantes em Planos Institu\u00eddos"},"content":{"rendered":"<p style=\"text-align: justify;\">Lygia Avena*<\/p>\n<p style=\"text-align: justify;\">Foi publicada, em 13\/04\/2015, a Resolu\u00e7\u00e3o CNPC n\u00ba 18\/2015, que trouxe significativas altera\u00e7\u00f5es na Resolu\u00e7\u00e3o CGPC n\u00ba 12\/2002, que trata dos planos de benef\u00edcios de instituidor.<\/p>\n<p style=\"text-align: justify;\">A nova Resolu\u00e7\u00e3o ampliou consideravelmente a possibilidade de ades\u00e3o de participantes em planos institu\u00eddos, prevendo a sua disponibiliza\u00e7\u00e3o n\u00e3o s\u00f3 aos associados e membros do instituidor, mas tamb\u00e9m \u00e0s pessoas f\u00edsicas, vinculadas direta ou indiretamente (nos termos da norma), aos instituidores.<\/p>\n<p style=\"text-align: justify;\">Para tal fim, o normativo considera:<\/p>\n<p style=\"text-align: justify;\">&#8211; como <span style=\"text-decoration: underline;\">membros com v\u00ednculo direto ao instituidor<\/span>: (i) os gerentes; (ii) os diretores; (iii) os conselheiros ocupantes de cargo eletivo e outros dirigentes dos instituidores; e<\/p>\n<p style=\"text-align: justify;\">&#8211; como <span style=\"text-decoration: underline;\">membros com v\u00ednculo indireto ao instituidor<\/span>: (i) os s\u00f3cios de pessoas jur\u00eddicas vinculadas aos instituidores; (ii) os empregados das pessoas jur\u00eddicas vinculadas aos instituidores e respectivos c\u00f4njuges e dependentes econ\u00f4micos; (iii) os pr\u00f3prios empregados do instituidor e seus respectivos dependentes econ\u00f4micos; e (iv) os c\u00f4njuges e dependentes econ\u00f4micos dos membros com v\u00ednculo direto.<\/p>\n<p style=\"text-align: justify;\">Ao prever a possibilidade de oferecimento dos planos institu\u00eddos aos membros do instituidor com <span style=\"text-decoration: underline;\">v\u00ednculo indireto<\/span>, conforme definido acima, evidencia-se o objetivo do legislador infralegal da amplia\u00e7\u00e3o da cobertura previdenci\u00e1ria complementar atrav\u00e9s dos planos institu\u00eddos.<\/p>\n<p style=\"text-align: justify;\">Adicionalmente, foi previsto o n\u00famero m\u00ednimo de 100 (cem) associados para a ades\u00e3o ou institui\u00e7\u00e3o de plano de benef\u00edcios em entidade fechada de 5 BCCS Newsletter \u2013 n. 69 \u2013 Abril\/2015 previd\u00eancia complementar em funcionamento. A reda\u00e7\u00e3o original da Resolu\u00e7\u00e3o CGPC n\u00ba 12\/2002 previa 100 associados, posteriormente alterada pela Resolu\u00e7\u00e3o CGPC n\u00ba 11\/2014, que previa um m\u00ednimo de 50 associados.<\/p>\n<p style=\"text-align: justify;\">*Lygia Avena \u00e9 advogada do BCCS (lavena@bocater.com.br).<\/p>\n<p style=\"text-align: justify;\">fonte:\u00a0www.bocater.com.br<\/p>\n<p style=\"text-align: justify;\">\n","protected":false},"excerpt":{"rendered":"<p>Lygia Avena* Foi publicada, em 13\/04\/2015, a Resolu\u00e7\u00e3o CNPC n\u00ba 18\/2015, que trouxe significativas altera\u00e7\u00f5es na Resolu\u00e7\u00e3o CGPC n\u00ba 12\/2002, que trata dos planos de benef\u00edcios de instituidor. A nova&#8230;<\/p>\n","protected":false},"author":4,"featured_media":0,"comment_status":"closed","ping_status":"closed","sticky":false,"template":"","format":"standard","meta":{"footnotes":""},"categories":[31],"tags":[],"class_list":["post-8544","post","type-post","status-publish","format-standard","hentry","category-noticias"],"_links":{"self":[{"href":"https:\/\/jusprev.org.br\/backup\/wp-json\/wp\/v2\/posts\/8544","targetHints":{"allow":["GET"]}}],"collection":[{"href":"https:\/\/jusprev.org.br\/backup\/wp-json\/wp\/v2\/posts"}],"about":[{"href":"https:\/\/jusprev.org.br\/backup\/wp-json\/wp\/v2\/types\/post"}],"author":[{"embeddable":true,"href":"https:\/\/jusprev.org.br\/backup\/wp-json\/wp\/v2\/users\/4"}],"replies":[{"embeddable":true,"href":"https:\/\/jusprev.org.br\/backup\/wp-json\/wp\/v2\/comments?post=8544"}],"version-history":[{"count":0,"href":"https:\/\/jusprev.org.br\/backup\/wp-json\/wp\/v2\/posts\/8544\/revisions"}],"wp:attachment":[{"href":"https:\/\/jusprev.org.br\/backup\/wp-json\/wp\/v2\/media?parent=8544"}],"wp:term":[{"taxonomy":"category","embeddable":true,"href":"https:\/\/jusprev.org.br\/backup\/wp-json\/wp\/v2\/categories?post=8544"},{"taxonomy":"post_tag","embeddable":true,"href":"https:\/\/jusprev.org.br\/backup\/wp-json\/wp\/v2\/tags?post=8544"}],"curies":[{"name":"wp","href":"https:\/\/api.w.org\/{rel}","templated":true}]}}