{"id":8560,"date":"2015-06-24T11:53:57","date_gmt":"2015-06-24T14:53:57","guid":{"rendered":"https:\/\/jusprev.org.br\/backup\/?p=8560"},"modified":"2015-06-24T11:53:57","modified_gmt":"2015-06-24T14:53:57","slug":"reuniao-do-conselho-fiscal-e-realizada-na-jusprev-2","status":"publish","type":"post","link":"https:\/\/jusprev.org.br\/backup\/reuniao-do-conselho-fiscal-e-realizada-na-jusprev-2\/","title":{"rendered":"Reuni\u00e3o do Conselho Fiscal \u00e9 realizada na JUSPREV"},"content":{"rendered":"<p style=\"text-align: justify;\">Foi realizada nesta quarta-feira (24), a reuni\u00e3o do Conselho Fiscal da JUSPREV. Estiveram presentes a presidente do conselho Dra. Vera Grace Paranagu\u00e1 Cunha, os conselheiros efetivos Dr. Ot\u00f4nio Ribeiro Furtado e o Dr. Wilson Jos\u00e9 Galheira, a gerente geral da JUSPREV Dra. Deborah Traldi Maggio, o analista econ\u00f4mico Allan Nogueira e a analista financeira Silmara Raichert.<\/p>\n<p style=\"text-align: justify;\">Na ocasi\u00e3o os integrantes do conselho fiscal aprovaram a ata da \u00faltima reuni\u00e3o realizada\u00a0 no dia 24 de mar\u00e7o, realizaram a an\u00e1lise dos documentos cont\u00e1beis e fiscais para aprova\u00e7\u00e3o das contas da JUSPREV, relativos aos meses de mar\u00e7o a maio de 2015 e aprovaram o relat\u00f3rio de manifesta\u00e7\u00e3o do conselho fiscal da entidade referente ao 2\u00ba semestre de 2014.<\/p>\n<p style=\"text-align: justify;\">Durante a reuni\u00e3o aconteceu ainda a apresenta\u00e7\u00e3o do Relat\u00f3rio de Acompanhamento da Pol\u00edtica de Investimentos referente ao 1\u00b0 trimestre de 2015, elaborado pela ADITUS Consultoria Financeira.<\/p>\n","protected":false},"excerpt":{"rendered":"<p>Foi realizada nesta quarta-feira (24), a reuni\u00e3o do Conselho Fiscal da JUSPREV. Estiveram presentes a presidente do conselho Dra. Vera Grace Paranagu\u00e1 Cunha, os conselheiros efetivos Dr. Ot\u00f4nio Ribeiro Furtado&#8230;<\/p>\n","protected":false},"author":4,"featured_media":0,"comment_status":"closed","ping_status":"closed","sticky":false,"template":"","format":"standard","meta":{"footnotes":""},"categories":[31],"tags":[],"class_list":["post-8560","post","type-post","status-publish","format-standard","hentry","category-noticias"],"_links":{"self":[{"href":"https:\/\/jusprev.org.br\/backup\/wp-json\/wp\/v2\/posts\/8560","targetHints":{"allow":["GET"]}}],"collection":[{"href":"https:\/\/jusprev.org.br\/backup\/wp-json\/wp\/v2\/posts"}],"about":[{"href":"https:\/\/jusprev.org.br\/backup\/wp-json\/wp\/v2\/types\/post"}],"author":[{"embeddable":true,"href":"https:\/\/jusprev.org.br\/backup\/wp-json\/wp\/v2\/users\/4"}],"replies":[{"embeddable":true,"href":"https:\/\/jusprev.org.br\/backup\/wp-json\/wp\/v2\/comments?post=8560"}],"version-history":[{"count":0,"href":"https:\/\/jusprev.org.br\/backup\/wp-json\/wp\/v2\/posts\/8560\/revisions"}],"wp:attachment":[{"href":"https:\/\/jusprev.org.br\/backup\/wp-json\/wp\/v2\/media?parent=8560"}],"wp:term":[{"taxonomy":"category","embeddable":true,"href":"https:\/\/jusprev.org.br\/backup\/wp-json\/wp\/v2\/categories?post=8560"},{"taxonomy":"post_tag","embeddable":true,"href":"https:\/\/jusprev.org.br\/backup\/wp-json\/wp\/v2\/tags?post=8560"}],"curies":[{"name":"wp","href":"https:\/\/api.w.org\/{rel}","templated":true}]}}