{"id":8567,"date":"2015-06-30T13:00:38","date_gmt":"2015-06-30T16:00:38","guid":{"rendered":"https:\/\/jusprev.org.br\/backup\/?p=8567"},"modified":"2015-06-30T13:00:38","modified_gmt":"2015-06-30T16:00:38","slug":"como-os-jovens-podem-investir-menos-e-ganhar-mais-dinheiro-na-aposentadoria","status":"publish","type":"post","link":"https:\/\/jusprev.org.br\/backup\/como-os-jovens-podem-investir-menos-e-ganhar-mais-dinheiro-na-aposentadoria\/","title":{"rendered":"COMO OS JOVENS PODEM INVESTIR MENOS E GANHAR MAIS DINHEIRO NA APOSENTADORIA"},"content":{"rendered":"<p style=\"text-align: justify;\">N\u00e3o \u00e9 de hoje que as pessoas ouvem falar que precisam poupar para o futuro porque a aposentadoria recebida pelo INSS, provavelmente, n\u00e3o ser\u00e1 comparada \u00e0 renda recebida durante o per\u00edodo ativo de trabalho. No entanto, muitos jovens rec\u00e9m-ingressados no mercado de trabalho, acham que falta muito tempo para chegar aos 65 anos e que ainda s\u00e3o muito jovens para poupar dinheiro. Mas cuidado: esse pensamento pode ser uma cilada. De acordo com uma mat\u00e9ria publicada no jornal A Gazeta \u2013 ES, muito provavelmente, quem tem entre 25 e 45 anos, vai sofrer uma enorme perda na renda ao se aposentar pelo INSS daqui a 30 anos. Isso porque o reajuste da aposentadoria n\u00e3o acompanha o reajuste do sal\u00e1rio m\u00ednimo dos trabalhadores que est\u00e3o na ativa.<\/p>\n<p style=\"text-align: justify;\">A verdade \u00e9 que, querendo ou n\u00e3o, os jovens precisam come\u00e7ar hoje a pensar na aposentadoria! Lembre que uma maneira de ganhar mais dinheiro no futuro \u00e9 come\u00e7ar a investir o quanto antes, independente do modo adotado para poupar e da contribui\u00e7\u00e3o mensal. Segundo o diretor de Investimentos da\u00a0Mongeral Aegon, Cl\u00e1udio Pires, n\u00e3o existe m\u00e1gica: \u201cCom o cen\u00e1rio atual, quanto antes a pessoa come\u00e7ar a juntar dinheiro, melhor. A renda no momento da aposentadoria \u00e9 uma f\u00f3rmula que envolve a expectativa de vida e a quantia acumulada ao longo dos anos. N\u00e3o tem mist\u00e9rio. O aumento da expectativa de vida obriga que as pessoas se planejem ainda mais cedo.\u201d A realidade mostra que, hoje, na fase da vida em que muitos trabalhadores gostariam de descansar, uma boa parcela precisa continuar trabalhando para complementar a renda. Isso acontece porque algumas pessoas ainda deixam para pensar no assunto apenas no momento em que chegam \u00e0 aposentadoria.<\/p>\n<p style=\"text-align: justify;\"><strong>Previd\u00eancia privada vale a pena?<\/strong><\/p>\n<p style=\"text-align: justify;\">Uma boa alternativa para juntar dinheiro \u00e9 utilizar os planos de Previd\u00eancia Privada, que funcionam como uma esp\u00e9cie de poupan\u00e7a autom\u00e1tica que permite que voc\u00ea deposite uma pequena quantia, m\u00eas a m\u00eas.<\/p>\n<p style=\"text-align: justify;\">Al\u00e9m de come\u00e7ar o quanto antes, ao longo do tempo, aproveite os momentos em que for promovido ou receber um aumento para aumentar a contribui\u00e7\u00e3o feita no seu plano. Nesta situa\u00e7\u00e3o, voc\u00ea ainda n\u00e3o se acostumou com o valor a mais de sal\u00e1rio e fica mais f\u00e1cil separar mais R$ 50 ou R$ 100 para aumentar o investimento para a sua aposentadoria.<\/p>\n<p style=\"text-align: justify;\">fonte: euplanejo360.com.br<\/p>\n","protected":false},"excerpt":{"rendered":"<p>N\u00e3o \u00e9 de hoje que as pessoas ouvem falar que precisam poupar para o futuro porque a aposentadoria recebida pelo INSS, provavelmente, n\u00e3o ser\u00e1 comparada \u00e0 renda recebida durante o&#8230;<\/p>\n","protected":false},"author":4,"featured_media":0,"comment_status":"closed","ping_status":"closed","sticky":false,"template":"","format":"standard","meta":{"footnotes":""},"categories":[31],"tags":[],"class_list":["post-8567","post","type-post","status-publish","format-standard","hentry","category-noticias"],"_links":{"self":[{"href":"https:\/\/jusprev.org.br\/backup\/wp-json\/wp\/v2\/posts\/8567","targetHints":{"allow":["GET"]}}],"collection":[{"href":"https:\/\/jusprev.org.br\/backup\/wp-json\/wp\/v2\/posts"}],"about":[{"href":"https:\/\/jusprev.org.br\/backup\/wp-json\/wp\/v2\/types\/post"}],"author":[{"embeddable":true,"href":"https:\/\/jusprev.org.br\/backup\/wp-json\/wp\/v2\/users\/4"}],"replies":[{"embeddable":true,"href":"https:\/\/jusprev.org.br\/backup\/wp-json\/wp\/v2\/comments?post=8567"}],"version-history":[{"count":0,"href":"https:\/\/jusprev.org.br\/backup\/wp-json\/wp\/v2\/posts\/8567\/revisions"}],"wp:attachment":[{"href":"https:\/\/jusprev.org.br\/backup\/wp-json\/wp\/v2\/media?parent=8567"}],"wp:term":[{"taxonomy":"category","embeddable":true,"href":"https:\/\/jusprev.org.br\/backup\/wp-json\/wp\/v2\/categories?post=8567"},{"taxonomy":"post_tag","embeddable":true,"href":"https:\/\/jusprev.org.br\/backup\/wp-json\/wp\/v2\/tags?post=8567"}],"curies":[{"name":"wp","href":"https:\/\/api.w.org\/{rel}","templated":true}]}}