{"id":8570,"date":"2015-07-03T08:48:25","date_gmt":"2015-07-03T11:48:25","guid":{"rendered":"https:\/\/jusprev.org.br\/backup\/?p=8570"},"modified":"2015-07-03T08:48:25","modified_gmt":"2015-07-03T11:48:25","slug":"dicas-de-quem-nao-planejou-sua-aposentadoria","status":"publish","type":"post","link":"https:\/\/jusprev.org.br\/backup\/dicas-de-quem-nao-planejou-sua-aposentadoria\/","title":{"rendered":"Dicas de quem n\u00e3o planejou sua aposentadoria"},"content":{"rendered":"<p><em>O sucesso profissional tem como pre\u00e7o o fracasso nas dimens\u00f5es da vida pessoal que, em muitos casos, s\u00f3 vai ser percebido na v\u00e9spera da aposentadoria<\/em><\/p>\n<p style=\"text-align: justify;\">Um antigo ditado popular que adotei logo ap\u00f3s os 40 anos de vida foi: \u201cVoc\u00ea est\u00e1 ficando velho quando seus arrependimentos s\u00e3o maiores que seus sonhos\u201d.<\/p>\n<p style=\"text-align: justify;\">A lembran\u00e7a deste importante aprendizado ressurgiu ao ler um recente estudo da gestora de investimentos Black Roch, com 27 mil pessoas no mundo \u2013 4 mil da Am\u00e9rica Latina, incluindo o Brasil \u2013 na faixa et\u00e1ria entre 55 e 64 anos, sobre quantos, efetivamente, se prepararam para a aposentadoria.<\/p>\n<p style=\"text-align: justify;\">Adicionalmente, solicitaram aos pesquisados \u201cdicas\u201d, ou recomenda\u00e7\u00f5es, para os mais jovens,\u00a0 sobre alguns cuidados preventivos, que muitos deles n\u00e3o tiveram. E que s\u00f3 agora se mostram arrependidos, ao ter que pagar um pre\u00e7o muito alto \u2013 financeiro e emocional &#8211; por este descuido.<\/p>\n<p style=\"text-align: justify;\">Tomando em considera\u00e7\u00e3o apenas a amostragem de brasileiros, as recomenda\u00e7\u00f5es s\u00e3o as seguintes:<\/p>\n<ul style=\"text-align: justify;\">\n<li>38% afirma que teriam come\u00e7ado a poupar muito mais cedo;<\/li>\n<li>47% teriam gastado bem menos do que o fizeram;<\/li>\n<li>25% teriam priorizado o preparo para a aposentadoria de forma preventiva;<\/li>\n<li>26% teriam quitado suas d\u00edvidas mais cedo.<\/li>\n<\/ul>\n<p style=\"text-align: justify;\">Outro dado que merece registro \u00e9 que apenas 22% conseguem economizar e 27% tem conseguido fazer algum tipo de investimento ou poupan\u00e7a.<\/p>\n<p style=\"text-align: justify;\">Mas o dado mais alarmante \u00e9 que a grande maioria constatou que o valor poupado n\u00e3o vai permitir manter o seu padr\u00e3o de vida ao longo da aposentadoria.<\/p>\n<p style=\"text-align: justify;\">Os estudos no Brasil, sobre a rela\u00e7\u00e3o entre longevidade\/previd\u00eancia e aposentadoria mostram uma perspectiva de acentuada preocupa\u00e7\u00e3o.<\/p>\n<p style=\"text-align: justify;\">Segundo Thom\u00e1s Tosta de S\u00e1, presidente do Instituto Ibmec, \u201cnossa pir\u00e2mide et\u00e1ria tem hoje o formato de uma granada, e acelerar o andamento aos projetos e estudos sobre o tema \u00e9 uma forma de tirar o pino para evitar que a Previd\u00eancia seja detonada antes do tempo.\u201d<\/p>\n<p style=\"text-align: justify;\">\u201cDa maneira como est\u00e1 \u2013 conclui ele \u2013 o modelo j\u00e1 \u00e9 insustent\u00e1vel.\u201d<\/p>\n<p style=\"text-align: justify;\">Outra observa\u00e7\u00e3o interessante \u00e9 feita pelo professor de \u00c9tica e Filosofia Renato Janine Ribeiro, quando diz \u201cque deveriam ser incorporadas discuss\u00f5es mais modernas ao debate sobre a sustentabilidade financeira da previd\u00eancia. \u00c9 um absurdo trabalhar at\u00e9 os 60 anos e, no dia seguinte \u00e0 aposentadoria n\u00e3o se trabalhar em mais nada.\u201d<\/p>\n<p style=\"text-align: justify;\">\u201cSeria muito mais interessante ser incorporado ao mercado de trabalho aos poucos, quando se \u00e9 jovem, e ir se desincorporando gradualmente, reduzindo o ritmo a partir dos 50.\u201d<\/p>\n<p style=\"text-align: justify;\">Segundo ele esta seria uma forma mais inteligente de aproveitar os ganhos de produtividade, a longevidade e a energia f\u00edsica, somada \u00e0 experi\u00eancia pr\u00f3pria do in\u00edcio da maturidade.<\/p>\n<p style=\"text-align: justify;\">Conclui afirmando que \u201cperdeu-se a ideia de discutir que tipo e modelo de exist\u00eancia queremos ter. Afinal, ampliar a expectativa de vida \u00e9 algo fabuloso para o mundo, mas \u00e9 desnecess\u00e1rio se afogar no trabalho dos 25 aos 70 anos de idade.\u201d<\/p>\n<p style=\"text-align: justify;\">A cada dia que passa fica mais claro que esta deve ser uma preocupa\u00e7\u00e3o e compromisso das pessoas na meia-idade. Mas de forma especial quando conseguem buscar e atingir um maior equil\u00edbrio entre os v\u00e1rios pap\u00e9is que desempenham.<\/p>\n<p style=\"text-align: justify;\">Afinal, o sucesso profissional tem como pre\u00e7o o fracasso nas dimens\u00f5es da vida pessoal \u2013 conjugal, familiar, social, educacional, espiritual e individual \u2013 que, em muitos casos, s\u00f3 vai ser percebido na v\u00e9spera da aposentadoria.<\/p>\n<p style=\"text-align: justify;\">E uma das dificuldades que est\u00e1 cada dia mais presente em nossa sociedade \u00e9 a preocupa\u00e7\u00e3o de muitos em querer demonstrar, virtualmente, uma felicidade e consumismo exibicionista. Isso dificulta a capacidade de aprender com os erros, falhas e fracassos.<\/p>\n<p style=\"text-align: justify;\">Esta \u00e9 a raz\u00e3o pela qual o in\u00edcio deste artigo est\u00e1 muito centrado nos aprendizados dos erros cometidos por quem chegou \u00e0 aposentadoria sem o m\u00ednimo preparo.<\/p>\n<p style=\"text-align: justify;\">Mas o alerta \u00e9 exatamente o de que todos n\u00f3s precisamos nos apropriar de nossas vidas desde o seu in\u00edcio. Considerando tanto os sucessos, conquistas e fracassos.<\/p>\n<p style=\"text-align: justify;\">fonte: www.administradores.com.br<\/p>\n","protected":false},"excerpt":{"rendered":"<p>O sucesso profissional tem como pre\u00e7o o fracasso nas dimens\u00f5es da vida pessoal que, em muitos casos, s\u00f3 vai ser percebido na v\u00e9spera da aposentadoria Um antigo ditado popular que&#8230;<\/p>\n","protected":false},"author":4,"featured_media":0,"comment_status":"closed","ping_status":"closed","sticky":false,"template":"","format":"standard","meta":{"footnotes":""},"categories":[31],"tags":[],"class_list":["post-8570","post","type-post","status-publish","format-standard","hentry","category-noticias"],"_links":{"self":[{"href":"https:\/\/jusprev.org.br\/backup\/wp-json\/wp\/v2\/posts\/8570","targetHints":{"allow":["GET"]}}],"collection":[{"href":"https:\/\/jusprev.org.br\/backup\/wp-json\/wp\/v2\/posts"}],"about":[{"href":"https:\/\/jusprev.org.br\/backup\/wp-json\/wp\/v2\/types\/post"}],"author":[{"embeddable":true,"href":"https:\/\/jusprev.org.br\/backup\/wp-json\/wp\/v2\/users\/4"}],"replies":[{"embeddable":true,"href":"https:\/\/jusprev.org.br\/backup\/wp-json\/wp\/v2\/comments?post=8570"}],"version-history":[{"count":0,"href":"https:\/\/jusprev.org.br\/backup\/wp-json\/wp\/v2\/posts\/8570\/revisions"}],"wp:attachment":[{"href":"https:\/\/jusprev.org.br\/backup\/wp-json\/wp\/v2\/media?parent=8570"}],"wp:term":[{"taxonomy":"category","embeddable":true,"href":"https:\/\/jusprev.org.br\/backup\/wp-json\/wp\/v2\/categories?post=8570"},{"taxonomy":"post_tag","embeddable":true,"href":"https:\/\/jusprev.org.br\/backup\/wp-json\/wp\/v2\/tags?post=8570"}],"curies":[{"name":"wp","href":"https:\/\/api.w.org\/{rel}","templated":true}]}}