{"id":8584,"date":"2015-07-27T10:10:48","date_gmt":"2015-07-27T13:10:48","guid":{"rendered":"https:\/\/jusprev.org.br\/backup\/?p=8584"},"modified":"2015-07-27T10:10:48","modified_gmt":"2015-07-27T13:10:48","slug":"idade-minima-para-se-aposentar-vai-subir-no-mundo-veja-as-mudancas","status":"publish","type":"post","link":"https:\/\/jusprev.org.br\/backup\/idade-minima-para-se-aposentar-vai-subir-no-mundo-veja-as-mudancas\/","title":{"rendered":"Idade m\u00ednima para se aposentar vai subir no mundo; veja as mudan\u00e7as"},"content":{"rendered":"<p style=\"text-align: justify;\">O aumento da idade m\u00ednima para se aposentar veio para ficar n\u00e3o s\u00f3 no Brasil, mas em boa parte dos pa\u00edses onde morre-se cada vez mais tarde. Nas reformas do sistema de aposentadorias, o mundo desenvolvido est\u00e1 abandonando antigas f\u00f3rmulas para acompanhar o avan\u00e7o da expectativa de vida.<\/p>\n<p style=\"text-align: justify;\">No Brasil, o c\u00e1lculo progressivo da f\u00f3rmula 85\/95 pode sofrer novas mudan\u00e7as em alguns anos para corrigir, mais uma vez, a distor\u00e7\u00e3o gerada pelo envelhecimento da popula\u00e7\u00e3o, que ao subir aumenta o d\u00e9ficit da Previd\u00eancia, prev\u00ea o especialista em longevidade da Mongeral Aegon, Andrea Levy.<\/p>\n<p style=\"text-align: justify;\">\u201cNosso modelo ainda permite aposentar-se com 60 anos, enquanto os europeus j\u00e1 trabalham com uma faixa entre 65 e 69 anos para pedir o benef\u00edcio\u201d, diz o especialista.\u00a0Para Levy, a tend\u00eancia \u00e9 a expectativa de vida do brasileiro se aproxime dos pa\u00edses europeus, aumentando a necessidade de retardar a idade m\u00ednima da aposentadoria.<\/p>\n<p style=\"text-align: justify;\">A distor\u00e7\u00e3o nas contas da Previd\u00eancia ocorre porque, quanto mais tempo o brasileiro vive, maior o per\u00edodo em que ele recebe o benef\u00edcio em rela\u00e7\u00e3o ao tempo de contribui\u00e7\u00e3o, os cofres do INSS. \u201cA conta n\u00e3o est\u00e1 mais fechando\u201d, comenta Levy.<\/p>\n<p style=\"text-align: justify;\">Entre 1980 e 2013, a expectativa de vida ao nascer no Brasil passou de 62,5 anos para 74,9 anos, um aumento de 12,4 anos, segundo os \u00faltimos dados do Instituto Brasileiro de Geografia e Estat\u00edstica (IBGE).<\/p>\n<p style=\"text-align: justify;\"><strong>F\u00f3rmula 85\/95<\/strong><\/p>\n<p style=\"text-align: justify;\">A nova f\u00f3rmula para se aposentar no Brasil \u2013 que adota o c\u00e1lculo progressivo \u2013 \u00e9 um modelo parecido com o adotado recentemente por pa\u00edses europeus. \u00c9 uma op\u00e7\u00e3o ao fator previdenci\u00e1rio, que paga um benef\u00edcio menor para quem escolher se aposentar mais cedo.<\/p>\n<p style=\"text-align: justify;\">O c\u00e1lculo permite receber a aposentadoria integral quando a soma da idade e o tempo de contribui\u00e7\u00e3o for 85, para mulheres, e 95, para homens. O tempo m\u00ednimo de contribui\u00e7\u00e3o para elas \u00e9 de 30 anos e, para eles, de 35 anos.<\/p>\n<p style=\"text-align: justify;\">O governo adotou um c\u00e1lculo progressivo para atrasar o recebimento do benef\u00edcio ao longo do tempo. Entre 2017 e 2021, a soma vai exigir 1 ponto a mais em diferentes datas, tornando a aposentadoria mais tardia. Para o especialista da Mongeral Aegon, a tend\u00eancia \u00e9 que essa f\u00f3rmula seja revista.<\/p>\n<p style=\"text-align: justify;\"><strong>Emergentes preparam-se mais para aposentadoria<\/strong><\/p>\n<p style=\"text-align: justify;\">A preocupa\u00e7\u00e3o em planejar a aposentadoria \u2013 incluindo previd\u00eancia complementar e poupan\u00e7a \u2013 \u00e9 maior em pa\u00edses emergentes como o Brasil, \u00cdndia e China do que em economias avan\u00e7adas. Um dos motivos \u00e9 que a renda subiu rapidamente nestes pa\u00edses nas \u00faltimas d\u00e9cadas, concluiu o estudo Aegon Retirement Readiness Report 2015, feito pelo Centro de Longevidade e Aposentadoria da Aegon.<\/p>\n<p style=\"text-align: justify;\">\u201cA popula\u00e7\u00e3o desses pa\u00edses tamb\u00e9m se beneficia de altas taxas de juros, que elevam o valor de suas aplica\u00e7\u00f5es e criam um senso de preven\u00e7\u00e3o\u201d, diz o levantamento. \u201cIsso \u00e9 comum em todos os pa\u00edses que formam o BRIC, incluindo \u00cdndia, Brasil e China\u201d. O estudo ressalva, no entanto, que o Brasil teve uma pequena queda no \u00edndice que mede a preven\u00e7\u00e3o, \u201cem meio a uma combina\u00e7\u00e3o de baixo crescimento econ\u00f4mico e infla\u00e7\u00e3o alta\u201d.<\/p>\n<p style=\"text-align: justify;\">O relat\u00f3rio tamb\u00e9m mostra que, em pa\u00edses como Brasil, Estados Unidos, Alemanha e \u00cdndia, a popula\u00e7\u00e3o confia mais no governo como fonte principal de renda para o futuro do que em meios alternativos como a previd\u00eancia privada, na aus\u00eancia de um planejamento para a aposentadoria.<\/p>\n<p style=\"text-align: justify;\">Os brasileiros acreditam que 44% de sua aposentadoria deve vir do INSS, enquanto outros 26% de planos de previd\u00eancia e 30% de poupan\u00e7a pessoal. Na Espanha, a popula\u00e7\u00e3o espera que 63% do benef\u00edcio seja bancado pelo governo, ao passo que a \u00cdndia tem a menor expectativa de que os recursos saiam da Previd\u00eancia Social: apenas 24%. Os indianos acreditam que quase metade (47%) dos recursos deve vir da poupan\u00e7a particular.<\/p>\n<p style=\"text-align: justify;\">Veja como funciona o sistema de aposentadorias em v\u00e1rios pa\u00edses:<\/p>\n<p style=\"text-align: justify;\">Alemanha<\/p>\n<p style=\"text-align: justify;\">A idade m\u00ednima para se aposentar na Alemanha ser\u00e1 gradualmente aumentada de 65 para 67 anos entre 2012 e 2029. \u00c9 preciso tamb\u00e9m ter completado um per\u00edodo m\u00ednimo de cinco anos de contribui\u00e7\u00e3o. A idade m\u00ednima \u00e9 de 65 anos para quem nasceu antes de 1\u00ba de janeiro de 1947 e de 76 para nascidos a partir de 1964. Essa idade m\u00ednima aumenta gradualmente para nascidos entre 1947 e 1963.<\/p>\n<p style=\"text-align: justify;\">B\u00e9lgica<\/p>\n<p style=\"text-align: justify;\">Foi implantado um sistema parecido com a f\u00f3rmula progressiva da 85\/95: a idade m\u00ednima \u00e9 65 anos para todos. Mas \u00e9 poss\u00edvel aposentar-se antes. At\u00e9 2012 era poss\u00edvel pedir a aposentadoria com 60 anos, se tivesse trabalhado 35 anos. Entre 2013 e 2016, a idade e tempo de contribui\u00e7\u00e3o aumentaram gradualmente, chegando \u00e0 idade m\u00ednima de 62 anos r 40 de contribui\u00e7\u00e3o a partir de 2016.<\/p>\n<p style=\"text-align: justify;\">Gr\u00e9cia<\/p>\n<p style=\"text-align: justify;\">A idade limite \u00e9 de 67 anos e o per\u00edodo m\u00ednimo de trabalho \u00e9 de 15 anos (4.500 dias). Para receber o benef\u00edcio integral, \u00e9 preciso acumular 40 pontos (12 mil dias de trabalho) e ter 62 anos de idade. O acordo com os credores da Gr\u00e9cia para pagar sua d\u00edvida vai exigir uma profunda reforma em seu sistema de previd\u00eancia, podendo mudar essa regra.<\/p>\n<p style=\"text-align: justify;\">Fran\u00e7a<\/p>\n<p style=\"text-align: justify;\">A idade m\u00ednima \u00e9 de 60 anos para pessoas nascidas antes de 1\u00ba de julho de 1951. A idade aumenta em cinco meses por ano de nascimento, alcan\u00e7ando 62 anos para pessoas nascidas a partir de 1955.<\/p>\n<p style=\"text-align: justify;\">Holanda<\/p>\n<p style=\"text-align: justify;\">Desde 2013, a idade para se aposentar aumentar\u00e1 gradualmente de 65 para 66 anos at\u00e9 2019 e para 67 anos at\u00e9 2023. A partir de 2024, a idade para a aposentadoria ser\u00e1 calculada pela expectativa de vida.<\/p>\n<p style=\"text-align: justify;\">It\u00e1lia<\/p>\n<p style=\"text-align: justify;\">As idades m\u00ednimas s\u00e3o diferentes, respeitando o tempo m\u00ednimo de 20 anos de contribui\u00e7\u00e3o: para quem trabalha no setor privado, a idade \u00e9 de 63 anos e 9 meses; aut\u00f4nomos precisam alcan\u00e7ar 64 anos e 9 meses; servidores p\u00fablicos, 66 anos e 3 meses.<\/p>\n<p style=\"text-align: justify;\">Portugal<\/p>\n<p style=\"text-align: justify;\">A idade m\u00ednima para se aposentar entre 2014 e 2015 \u00e9 de 66 anos. At\u00e9 2021, todos precisar\u00e3o alcan\u00e7ar 67 anos para receber o benef\u00edcio, em linha com o aumento da expectativa de vida.<\/p>\n<p style=\"text-align: justify;\">Reino Unido<\/p>\n<p style=\"text-align: justify;\">A idade m\u00ednima atual \u00e9 de 65 para homens e 60 para mulheres nascidos antes de abril de 1950. Mas a partir de 2020, a idade m\u00ednima para homens e mulheres ser\u00e1 de 66 anos, passando para 67 anos entre 20206 e 2028 e ent\u00e3o ser\u00e1 vinculada aos dados sobre expectativa de vida da popula\u00e7\u00e3o.<\/p>\n<p style=\"text-align: justify;\">Estados Unidos<\/p>\n<p style=\"text-align: justify;\">Hoje, \u00e9 preciso ter pelo menos 66 anos e 10 de contribui\u00e7\u00e3o para se aposentar. O valor do benef\u00edcio \u00e9 de cerca de 40% do sal\u00e1rio do trabalhador. A partir de 2022, a idade m\u00ednima para aposentar-se vai subir para 67 anos.<\/p>\n<p style=\"text-align: justify;\">Jap\u00e3o<\/p>\n<p style=\"text-align: justify;\">A idade m\u00ednima aumenta gradualmente de 60 para 65 anos entre 2001 e 2013 para homens e entre 2006 e 2018 para mulheres. O valor do benef\u00edcio varia de acordo com a remunera\u00e7\u00e3o e o tempo de contribui\u00e7\u00e3o do trabalhador.<\/p>\n<p style=\"text-align: justify;\">fonte:\u00a0www.portalbenicio.com.br<\/p>\n","protected":false},"excerpt":{"rendered":"<p>O aumento da idade m\u00ednima para se aposentar veio para ficar n\u00e3o s\u00f3 no Brasil, mas em boa parte dos pa\u00edses onde morre-se cada vez mais tarde. Nas reformas do&#8230;<\/p>\n","protected":false},"author":4,"featured_media":0,"comment_status":"closed","ping_status":"closed","sticky":false,"template":"","format":"standard","meta":{"footnotes":""},"categories":[31],"tags":[],"class_list":["post-8584","post","type-post","status-publish","format-standard","hentry","category-noticias"],"_links":{"self":[{"href":"https:\/\/jusprev.org.br\/backup\/wp-json\/wp\/v2\/posts\/8584","targetHints":{"allow":["GET"]}}],"collection":[{"href":"https:\/\/jusprev.org.br\/backup\/wp-json\/wp\/v2\/posts"}],"about":[{"href":"https:\/\/jusprev.org.br\/backup\/wp-json\/wp\/v2\/types\/post"}],"author":[{"embeddable":true,"href":"https:\/\/jusprev.org.br\/backup\/wp-json\/wp\/v2\/users\/4"}],"replies":[{"embeddable":true,"href":"https:\/\/jusprev.org.br\/backup\/wp-json\/wp\/v2\/comments?post=8584"}],"version-history":[{"count":0,"href":"https:\/\/jusprev.org.br\/backup\/wp-json\/wp\/v2\/posts\/8584\/revisions"}],"wp:attachment":[{"href":"https:\/\/jusprev.org.br\/backup\/wp-json\/wp\/v2\/media?parent=8584"}],"wp:term":[{"taxonomy":"category","embeddable":true,"href":"https:\/\/jusprev.org.br\/backup\/wp-json\/wp\/v2\/categories?post=8584"},{"taxonomy":"post_tag","embeddable":true,"href":"https:\/\/jusprev.org.br\/backup\/wp-json\/wp\/v2\/tags?post=8584"}],"curies":[{"name":"wp","href":"https:\/\/api.w.org\/{rel}","templated":true}]}}