{"id":8595,"date":"2015-07-30T16:56:45","date_gmt":"2015-07-30T19:56:45","guid":{"rendered":"https:\/\/jusprev.org.br\/backup\/?p=8595"},"modified":"2015-07-30T16:56:45","modified_gmt":"2015-07-30T19:56:45","slug":"aposentadoria-uma-experiencia-em-transformacao","status":"publish","type":"post","link":"https:\/\/jusprev.org.br\/backup\/aposentadoria-uma-experiencia-em-transformacao\/","title":{"rendered":"APOSENTADORIA: UMA EXPERI\u00caNCIA EM TRANSFORMA\u00c7\u00c3O"},"content":{"rendered":"<p style=\"text-align: justify;\">A aposentadoria vai acabar no s\u00e9culo 21? Essa \u00e9 uma pergunta que, quase todos os dias, eu tento responder. A percep\u00e7\u00e3o adotada at\u00e9 o s\u00e9culo 20 &#8211; com sentido de aposento, retiro <i>[retirement<\/i>], inatividade, exclus\u00e3o, fragilidade &#8211; j\u00e1 n\u00e3o \u00e9 mais a mesma. Isso \u00e9 fato, ao menos para os pa\u00edses inclu\u00eddos pelo capitalismo global.<\/p>\n<p style=\"text-align: justify;\">Mas al\u00e9m da longevidade ativa, h\u00e1 que se considerar tr\u00eas aspectos relevantes nesta experi\u00eancia de uso da aposentadoria do s\u00e9culo 21:<\/p>\n<ul style=\"text-align: justify;\">\n<li>o custo da sa\u00fade<\/li>\n<li>a expectativa de consumo<\/li>\n<li>as reservas financeiras compat\u00edveis para bancar o custo da sa\u00fade e a expectativa de consumo.<\/li>\n<\/ul>\n<p style=\"text-align: justify;\">O custo da sa\u00fade, com indicadores pr\u00f3prios de infla\u00e7\u00e3o, \u00e9 uma ind\u00fastria cujo modelo &#8211; para ser democr\u00e1tico e sustent\u00e1vel &#8211; precisa ser revisto. No Brasil, o desligamento de uma empresa com plano de sa\u00fade corporativo como benef\u00edcio da Pol\u00edtica de Gest\u00e3o de Pessoas, em geral, significa simultaneamente falta de acesso a solu\u00e7\u00f5es dispon\u00edveis e financeiramente vi\u00e1veis, uma vez que os planos de sa\u00fade individuais, al\u00e9m de caros, s\u00e3o escassos em oferta.<\/p>\n<p style=\"text-align: justify;\">Outro fator importante a se considerar na experi\u00eancia de uso da aposentadoria: a expectativa de consumo no per\u00edodo de inatividade. Al\u00e9m das necessidades b\u00e1sicas &#8211; moradia, rela\u00e7\u00f5es familiares e sociais &#8211;\u00a0\u00a0capital globalizado cria necessidades, especialmente com as novas tecnologias. Portanto, al\u00e9m \u00a0de tratamentos m\u00e9dicos, viagens e compras &#8211; pacote b\u00e1sico de consumo na inatividade \u00a0&#8211; h\u00e1 tamb\u00e9m a inclus\u00e3o digital, os <i>smartphones<\/i>, a internet das coisas prevista para ser a febre de transforma\u00e7\u00e3o de h\u00e1bitos e comportamentos j\u00e1 nas pr\u00f3ximas duas d\u00e9cadas.<\/p>\n<p style=\"text-align: justify;\">S\u00e3o, evidentemente, realidades inimagin\u00e1veis at\u00e9 o final do s\u00e9culo 20, mas concretas no s\u00e9culo 21. O que ainda n\u00e3o est\u00e1 claro \u00e9: qual ser\u00e1 a reserva financeira necess\u00e1ria para bancar esse novo modelo social, considerando o valor decrescente dos benef\u00edcios da aposentadoria oficial, volatilidade nos resultados de investimentos e falta de cultura previdenci\u00e1ria?<\/p>\n<p style=\"text-align: justify;\"><b>Planejamento e empreendedorismo<\/b><\/p>\n<p style=\"text-align: justify;\">Duas palavras ser\u00e3o determinantes na modelagem dos mapas mentais do s\u00e9culo 21. As duas n\u00e3o s\u00e3o muito comuns na cultura nacional. <b>Planejamento<\/b>: o Brasil ainda ama o improviso! Ainda pautamos as decis\u00f5es por impulsos. Somos despreparados para fazer c\u00e1lculos. Somos indisciplinados para administrar planilhas. Valorizamos atrasos em compromissos pessoais.<\/p>\n<p style=\"text-align: justify;\">Comprometemos cronogramas. Somos omissos. <b>Empreendedorismo<\/b>: ficamos perdidos com o encolhimento do mercado formal de trabalho [desemprego, desindustrializa\u00e7\u00e3o, terceiriza\u00e7\u00e3o, automa\u00e7\u00e3o], porque n\u00e3o fomos preparados para criar solu\u00e7\u00f5es novas, para empreender. Quem estuda empreendedorismo e inova\u00e7\u00e3o &#8211; como\u00a0<b>Mara Sampaio<\/b> e <b>S\u00edlvio Meira<\/b> &#8211; t\u00eam a mesma percep\u00e7\u00e3o em rela\u00e7\u00e3o \u00e0 cultura nacional:<\/p>\n<blockquote class=\"tr_bq\"><p><i>&#8220;O Brasil, por um conjunto de raz\u00f5es hist\u00f3ricas, culturais e econ\u00f4micas, n\u00e3o \u00e9 uma ambiente dos mais favor\u00e1veis ao desenvolvimento do esp\u00edrito empreendedor. Em nosso pa\u00eds, a ideia de apoiar os surgimento de novos neg\u00f3cios \u00e9 historicamente recente, e a grande maioria das pessoas que inicia um novo neg\u00f3cio ainda recebe pouco apoio social, familiar e institucional. At\u00e9 pouqu\u00edssimo tempo atr\u00e1s, a decis\u00e3o de abrir um neg\u00f3cio pr\u00f3prio no pa\u00eds era mais determinada por \u00a0uma necessidade de sobreviv\u00eancia do que pelo desejo de realiza\u00e7\u00e3o, diferentemente do que ocorria em outras sociedades&#8221;<\/i>.<b>Mara Sampaio<\/b><\/p><\/blockquote>\n<blockquote class=\"tr_bq\"><p><i>&#8220;Mas parte dos \u00f3rg\u00e3os de governo cujos servi\u00e7os s\u00e3o cr\u00edticos para inova\u00e7\u00e3o e empreendedorismo, ao inv\u00e9s de sair da frente, vem promovendo uma acelerada informatiza\u00e7\u00e3o do caos, a automatiza\u00e7\u00e3o de processos rocambolescos de um antisservi\u00e7o p\u00fablico antigo, que atrapalha mais que ordena a economia. Incentivar os agentes econ\u00f4micos, ent\u00e3o, nem pensar. Automatizar processos em refletir sobre sua necessidade ou obrigatoriedade de um redesenho para dar conta das necessidades de novos tempos \u00e9 deixar o complicado no lugar do simples. E isso torna a vida de empresas e empreendedores muito mais dif\u00edcil, principalmente para os pequenos. E o resultado mais \u00f3bvio \u00e9 a falta de competitividade das empresas nacionais no mercado internacional, isso quando sobrevivem \u00e0 complexidade do processo de crescimento e se tornam, pelo menos localmente, sustent\u00e1veis&#8221;. <b>S\u00edlvio Meira<\/b><\/i><\/p><\/blockquote>\n<p style=\"text-align: justify;\">\nAl\u00e9m disso, n\u00e3o sem motivo, o povo tem uma avers\u00e3o a risco, por motivos \u00f3bvios: n\u00e3o existe perd\u00e3o para equ\u00edvocos individuais. E a depend\u00eancia \u00e9 rent\u00e1vel para alguns segmentos. Aqui eu nem vou citar os autores. S\u00f3 vou lembrar da absurda determina\u00e7\u00e3o interior de <b>Thomas Edson<\/b> para criar a l\u00e2mpada e transformar a sociedade. Uma de suas incont\u00e1veis explica\u00e7\u00f5es geniais para a determina\u00e7\u00e3o \u00e9: <i>&#8220;Eu n\u00e3o falhei. Encontrei dez mil solu\u00e7\u00f5es que n\u00e3o davam certo&#8221;.<\/i><\/p>\n<p style=\"text-align: justify;\">Num ambiente local desmotivador e de disputa, \u00e9 natural que o trabalho seja mais uma experi\u00eancia de tortura do que de realiza\u00e7\u00e3o. Sem voca\u00e7\u00e3o, a entrada no mercado de trabalho pode at\u00e9 ser entendida como acesso \u00e0 autonomia financeira e ao consumo. Um mal necess\u00e1rio. E a aposentadoria, consequentemente, passa a ser uma esp\u00e9cie de porta de sa\u00edda do inferno para chegar ao para\u00edso.<\/p>\n<p style=\"text-align: justify;\">O trabalho de <b>Comunica\u00e7\u00e3o e Educa\u00e7\u00e3o Financeira e Previdenci\u00e1ria<\/b> d\u00e1 alguns ind\u00edcios positivos sobre essa quest\u00e3o. As gera\u00e7\u00f5es mais novas est\u00e3o pelo menos mais informadas sobre a import\u00e2ncia desse reposicionamento em rela\u00e7\u00e3o ao dinheiro. Mas aten\u00e7\u00e3o! Eles est\u00e3o migrando para a gest\u00e3o de orienta\u00e7\u00f5es feitas por rob\u00f4s e algoritmos. Para mim, isso \u00e9 uma evid\u00eancia de que a solu\u00e7\u00e3o para a avers\u00e3o a risco est\u00e1 criada!<\/p>\n<p style=\"text-align: justify;\">fonte:\u00a0elianemiraglia.blogspot.com.br<\/p>\n<p style=\"text-align: justify;\">\n","protected":false},"excerpt":{"rendered":"<p>A aposentadoria vai acabar no s\u00e9culo 21? Essa \u00e9 uma pergunta que, quase todos os dias, eu tento responder. A percep\u00e7\u00e3o adotada at\u00e9 o s\u00e9culo 20 &#8211; com sentido de&#8230;<\/p>\n","protected":false},"author":4,"featured_media":0,"comment_status":"closed","ping_status":"closed","sticky":false,"template":"","format":"standard","meta":{"footnotes":""},"categories":[31],"tags":[],"class_list":["post-8595","post","type-post","status-publish","format-standard","hentry","category-noticias"],"_links":{"self":[{"href":"https:\/\/jusprev.org.br\/backup\/wp-json\/wp\/v2\/posts\/8595","targetHints":{"allow":["GET"]}}],"collection":[{"href":"https:\/\/jusprev.org.br\/backup\/wp-json\/wp\/v2\/posts"}],"about":[{"href":"https:\/\/jusprev.org.br\/backup\/wp-json\/wp\/v2\/types\/post"}],"author":[{"embeddable":true,"href":"https:\/\/jusprev.org.br\/backup\/wp-json\/wp\/v2\/users\/4"}],"replies":[{"embeddable":true,"href":"https:\/\/jusprev.org.br\/backup\/wp-json\/wp\/v2\/comments?post=8595"}],"version-history":[{"count":0,"href":"https:\/\/jusprev.org.br\/backup\/wp-json\/wp\/v2\/posts\/8595\/revisions"}],"wp:attachment":[{"href":"https:\/\/jusprev.org.br\/backup\/wp-json\/wp\/v2\/media?parent=8595"}],"wp:term":[{"taxonomy":"category","embeddable":true,"href":"https:\/\/jusprev.org.br\/backup\/wp-json\/wp\/v2\/categories?post=8595"},{"taxonomy":"post_tag","embeddable":true,"href":"https:\/\/jusprev.org.br\/backup\/wp-json\/wp\/v2\/tags?post=8595"}],"curies":[{"name":"wp","href":"https:\/\/api.w.org\/{rel}","templated":true}]}}