{"id":8609,"date":"2015-08-05T17:15:21","date_gmt":"2015-08-05T20:15:21","guid":{"rendered":"https:\/\/jusprev.org.br\/backup\/?p=8609"},"modified":"2015-08-05T17:15:21","modified_gmt":"2015-08-05T20:15:21","slug":"como-voce-vai-escapar-do-rombo-da-aposentadoria","status":"publish","type":"post","link":"https:\/\/jusprev.org.br\/backup\/como-voce-vai-escapar-do-rombo-da-aposentadoria\/","title":{"rendered":"Como voc\u00ea vai escapar do rombo da aposentadoria?"},"content":{"rendered":"<p style=\"text-align: justify;\">Recebi um e-mail de um de nossos leitores da s\u00e9rie Aposentadoria, Carlos. Ele nos disse o seguinte: \u201cSe poss\u00edvel, queria que voc\u00eas compartilhassem minha experi\u00eancia, pra que outras pessoas n\u00e3o repitam meu erro, isso j\u00e1 me deixaria feliz\u201d.<\/p>\n<p style=\"text-align: justify;\">O que aconteceu com o Carlos?<\/p>\n<p style=\"text-align: justify;\">Ele tem 52 anos, trabalhou a vida inteira (desde os 16) e ainda trabalha numa f\u00e1brica de papel &amp; celulose. Sempre pagou INSS e tem um FGTS razo\u00e1vel (a 3% a.a., o m\u00e1ximo que d\u00e1 pra ter \u00e9 um FGTS razo\u00e1vel).<\/p>\n<p style=\"text-align: justify;\">Al\u00e9m dessas formalidades, Carlos contribui para plano privado desses oferecidos pela empresa. O problema \u00e9 que ele trocou de emprego duas vezes, e acabou perdendo parte da grana acumulada nessas trocas.<\/p>\n<p style=\"text-align: justify;\">Bom, vestindo tr\u00eas p\u00e9s-de-meia, Carl\u00e3o achou que estava tranquilo com suas obriga\u00e7\u00f5es previdenci\u00e1rias. Ao menos at\u00e9 chegar nestes 52 anos, com a aposentadoria agora dando de cara com seus justos anseios por descanso.<\/p>\n<p style=\"text-align: justify;\">Pegou uma calculadora para somar os ativos e subtrair os tais anseios, e concluiu o que queria ter conclu\u00eddo uns dez ou vinte anos atr\u00e1s: a conta do Carlos n\u00e3o fecha.<\/p>\n<p style=\"text-align: justify;\">Ele n\u00e3o vai conseguir viver a aposentadoria do jeito que imaginava, com uma graninha pra viajar duas vezes por ano, com um carro maior pra levar os netinhos, e uma casa legal no campo pra curtir o fim de semana com a patroa.<\/p>\n<p style=\"text-align: justify;\">Pior que isso: \u201cEu percebi que n\u00e3o vai dar nem pra manter meus gastos atuais!\u201d.<\/p>\n<p style=\"text-align: justify;\">Carlos vai ter que fazer um sacrif\u00edcio, e isso \u00e9 p\u00e9ssimo. Todos n\u00f3s (inclusive o Eike) temos grande dificuldade de abdicar do padr\u00e3o de vida com o qual est\u00e1vamos acostumados. Voc\u00ea d\u00e1 uma bicicleta a quem andava a p\u00e9, a bike \u00e9 maravilhosa. Voc\u00ea d\u00e1 uma bicicleta a quem andava de porsche, a bike \u00e9 deprimente.<\/p>\n<p style=\"text-align: justify;\">fonte:\u00a0www.empiricus.com.br<\/p>\n","protected":false},"excerpt":{"rendered":"<p>Recebi um e-mail de um de nossos leitores da s\u00e9rie Aposentadoria, Carlos. Ele nos disse o seguinte: \u201cSe poss\u00edvel, queria que voc\u00eas compartilhassem minha experi\u00eancia, pra que outras pessoas n\u00e3o&#8230;<\/p>\n","protected":false},"author":4,"featured_media":0,"comment_status":"closed","ping_status":"closed","sticky":false,"template":"","format":"standard","meta":{"footnotes":""},"categories":[31],"tags":[],"class_list":["post-8609","post","type-post","status-publish","format-standard","hentry","category-noticias"],"_links":{"self":[{"href":"https:\/\/jusprev.org.br\/backup\/wp-json\/wp\/v2\/posts\/8609","targetHints":{"allow":["GET"]}}],"collection":[{"href":"https:\/\/jusprev.org.br\/backup\/wp-json\/wp\/v2\/posts"}],"about":[{"href":"https:\/\/jusprev.org.br\/backup\/wp-json\/wp\/v2\/types\/post"}],"author":[{"embeddable":true,"href":"https:\/\/jusprev.org.br\/backup\/wp-json\/wp\/v2\/users\/4"}],"replies":[{"embeddable":true,"href":"https:\/\/jusprev.org.br\/backup\/wp-json\/wp\/v2\/comments?post=8609"}],"version-history":[{"count":0,"href":"https:\/\/jusprev.org.br\/backup\/wp-json\/wp\/v2\/posts\/8609\/revisions"}],"wp:attachment":[{"href":"https:\/\/jusprev.org.br\/backup\/wp-json\/wp\/v2\/media?parent=8609"}],"wp:term":[{"taxonomy":"category","embeddable":true,"href":"https:\/\/jusprev.org.br\/backup\/wp-json\/wp\/v2\/categories?post=8609"},{"taxonomy":"post_tag","embeddable":true,"href":"https:\/\/jusprev.org.br\/backup\/wp-json\/wp\/v2\/tags?post=8609"}],"curies":[{"name":"wp","href":"https:\/\/api.w.org\/{rel}","templated":true}]}}