{"id":8613,"date":"2015-08-07T11:05:09","date_gmt":"2015-08-07T14:05:09","guid":{"rendered":"https:\/\/jusprev.org.br\/backup\/?p=8613"},"modified":"2015-08-07T11:05:09","modified_gmt":"2015-08-07T14:05:09","slug":"nota-de-pesar","status":"publish","type":"post","link":"https:\/\/jusprev.org.br\/backup\/nota-de-pesar\/","title":{"rendered":"Nota de Pesar"},"content":{"rendered":"<p style=\"text-align: justify;\"><strong>Falecimento do Procurador de Justi\u00e7a Washington Epaminondas Medeiros Barra.<\/strong><\/p>\n<p style=\"text-align: justify;\">\u00c9 com pesar que a JUSPREV comunica o falecimento do Doutor Washington Epaminondas Medeiros Barra, ocorrido na data de 6 de agosto, na cidade de S\u00e3o Paulo.<\/p>\n<p style=\"text-align: justify;\">O Doutor Washington Barra, foi o primeiro presidente do Col\u00e9gio de Instituidoras e participou ativamente da cria\u00e7\u00e3o e concretiza\u00e7\u00e3o da\u00a0JUSPREV.<\/p>\n<p style=\"text-align: justify;\">A ele rendemos nossos mais sinceros agradecimentos e \u00e0 fam\u00edlia e aos amigos, nossas condol\u00eancias.<\/p>\n<p style=\"text-align: justify;\">\n","protected":false},"excerpt":{"rendered":"<p>Falecimento do Procurador de Justi\u00e7a Washington Epaminondas Medeiros Barra. \u00c9 com pesar que a JUSPREV comunica o falecimento do Doutor Washington Epaminondas Medeiros Barra, ocorrido na data de 6 de&#8230;<\/p>\n","protected":false},"author":4,"featured_media":0,"comment_status":"closed","ping_status":"closed","sticky":false,"template":"","format":"standard","meta":{"footnotes":""},"categories":[31],"tags":[],"class_list":["post-8613","post","type-post","status-publish","format-standard","hentry","category-noticias"],"_links":{"self":[{"href":"https:\/\/jusprev.org.br\/backup\/wp-json\/wp\/v2\/posts\/8613","targetHints":{"allow":["GET"]}}],"collection":[{"href":"https:\/\/jusprev.org.br\/backup\/wp-json\/wp\/v2\/posts"}],"about":[{"href":"https:\/\/jusprev.org.br\/backup\/wp-json\/wp\/v2\/types\/post"}],"author":[{"embeddable":true,"href":"https:\/\/jusprev.org.br\/backup\/wp-json\/wp\/v2\/users\/4"}],"replies":[{"embeddable":true,"href":"https:\/\/jusprev.org.br\/backup\/wp-json\/wp\/v2\/comments?post=8613"}],"version-history":[{"count":0,"href":"https:\/\/jusprev.org.br\/backup\/wp-json\/wp\/v2\/posts\/8613\/revisions"}],"wp:attachment":[{"href":"https:\/\/jusprev.org.br\/backup\/wp-json\/wp\/v2\/media?parent=8613"}],"wp:term":[{"taxonomy":"category","embeddable":true,"href":"https:\/\/jusprev.org.br\/backup\/wp-json\/wp\/v2\/categories?post=8613"},{"taxonomy":"post_tag","embeddable":true,"href":"https:\/\/jusprev.org.br\/backup\/wp-json\/wp\/v2\/tags?post=8613"}],"curies":[{"name":"wp","href":"https:\/\/api.w.org\/{rel}","templated":true}]}}