{"id":8621,"date":"2015-08-12T10:19:23","date_gmt":"2015-08-12T13:19:23","guid":{"rendered":"https:\/\/jusprev.org.br\/backup\/?p=8621"},"modified":"2015-08-12T10:19:23","modified_gmt":"2015-08-12T13:19:23","slug":"washington-barra-dedicou-a-vida-ao-ministerio-publico","status":"publish","type":"post","link":"https:\/\/jusprev.org.br\/backup\/washington-barra-dedicou-a-vida-ao-ministerio-publico\/","title":{"rendered":"Washington Barra dedicou a vida ao Minist\u00e9rio P\u00fablico"},"content":{"rendered":"<p style=\"text-align: justify;\">Washington Barra tinha grandeza de esp\u00edrito. Vamos sentir sua falta. Ele deixa um legado de for\u00e7a, dignidade e persist\u00eancia, de amor infinito ao Minist\u00e9rio P\u00fablico, de dedica\u00e7\u00e3o extrema ao aperfei\u00e7oamento e \u00e0 evolu\u00e7\u00e3o da institui\u00e7\u00e3o, de busca pela agrega\u00e7\u00e3o dos colegas, os quais considerava sua fam\u00edlia. Isso explica o sentimento de como\u00e7\u00e3o, consterna\u00e7\u00e3o, perda e tristeza que acomete a todos. Mesmo os que n\u00e3o foram seus amigos \u00edntimos sentem a perda do grande l\u00edder, que exalta<span class=\"text_exposed_show\">va o trabalho do Minist\u00e9rio P\u00fablico por sua import\u00e2ncia para a defesa de direitos fundamentais e do regime democr\u00e1tico.<\/span><\/p>\n<div class=\"text_exposed_show\">\n<p style=\"text-align: justify;\">O Minist\u00e9rio P\u00fablico brasileiro e nossa sociedade est\u00e3o mesmo de luto, pois perderam um defensor ardoroso, dedicado e generoso. Contudo, amigo Barra, a dimens\u00e3o do mundo espiritual est\u00e1 em festa ao receb\u00ea-lo. Que Deus o aben\u00e7oe sempre.<\/p>\n<p style=\"text-align: justify;\">Nesta quarta-feira (12\/8), a partir das 20h, ser\u00e1 celebrada a missa de s\u00e9timo dia em homenagem a Barra, na igreja S\u00e3o Luiz (avenida Paulista, 1378).<\/p>\n<p style=\"text-align: justify;\">***<\/p>\n<p style=\"text-align: justify;\">&#8211; Ana Maria de Castro Garms, promotora de Justi\u00e7a C\u00edvel \u2013 Funda\u00e7\u00f5es<br \/>\n&#8211; Eduardo Roberto Alc\u00e2ntara del Campo, promotor de Justi\u00e7a da Inf\u00e2ncia e Juventude<br \/>\n&#8211; Felipe Locke Cavalcanti, procurador de Justi\u00e7a e presidente da Associa\u00e7\u00e3o Paulista do Minist\u00e9rio P\u00fablico<br \/>\n&#8211; Henrique Nelson Calandra, ex-presidente da Associa\u00e7\u00e3o Paulista dos Magistrados e da Associa\u00e7\u00e3o dos Magistrados do Brasil<br \/>\n&#8211; Jos\u00e9 Lu\u00eds Alicke, procurador de Justi\u00e7a<br \/>\n&#8211; M\u00e1rcio Fernando Elias Rosa, procurador-geral de Justi\u00e7a<br \/>\n&#8211; Maria Tereza Uille Gomes, procuradora de Justi\u00e7a do MP-PR<br \/>\n&#8211; Norma Cavalcanti, promotora de Justi\u00e7a e presidente da Conamp (Associa\u00e7\u00e3o Nacional dos Membros do MP)<br \/>\n&#8211; Raquel Dodge, suprocuradora-geral da Rep\u00fablica do MPF<br \/>\n&#8211; Roberto Livianu, promotor de Justi\u00e7a e presidente do Movimento do Minist\u00e9rio P\u00fablico Democr\u00e1tico<\/p>\n<p>http:\/\/www.conjur.com.br\/2015-ago-12\/washington-barra-dedicou-vida-ministerio-publico<\/p>\n<\/div>\n","protected":false},"excerpt":{"rendered":"<p>Washington Barra tinha grandeza de esp\u00edrito. Vamos sentir sua falta. Ele deixa um legado de for\u00e7a, dignidade e persist\u00eancia, de amor infinito ao Minist\u00e9rio P\u00fablico, de dedica\u00e7\u00e3o extrema ao aperfei\u00e7oamento&#8230;<\/p>\n","protected":false},"author":4,"featured_media":0,"comment_status":"closed","ping_status":"closed","sticky":false,"template":"","format":"standard","meta":{"footnotes":""},"categories":[31],"tags":[],"class_list":["post-8621","post","type-post","status-publish","format-standard","hentry","category-noticias"],"_links":{"self":[{"href":"https:\/\/jusprev.org.br\/backup\/wp-json\/wp\/v2\/posts\/8621","targetHints":{"allow":["GET"]}}],"collection":[{"href":"https:\/\/jusprev.org.br\/backup\/wp-json\/wp\/v2\/posts"}],"about":[{"href":"https:\/\/jusprev.org.br\/backup\/wp-json\/wp\/v2\/types\/post"}],"author":[{"embeddable":true,"href":"https:\/\/jusprev.org.br\/backup\/wp-json\/wp\/v2\/users\/4"}],"replies":[{"embeddable":true,"href":"https:\/\/jusprev.org.br\/backup\/wp-json\/wp\/v2\/comments?post=8621"}],"version-history":[{"count":0,"href":"https:\/\/jusprev.org.br\/backup\/wp-json\/wp\/v2\/posts\/8621\/revisions"}],"wp:attachment":[{"href":"https:\/\/jusprev.org.br\/backup\/wp-json\/wp\/v2\/media?parent=8621"}],"wp:term":[{"taxonomy":"category","embeddable":true,"href":"https:\/\/jusprev.org.br\/backup\/wp-json\/wp\/v2\/categories?post=8621"},{"taxonomy":"post_tag","embeddable":true,"href":"https:\/\/jusprev.org.br\/backup\/wp-json\/wp\/v2\/tags?post=8621"}],"curies":[{"name":"wp","href":"https:\/\/api.w.org\/{rel}","templated":true}]}}