{"id":8630,"date":"2015-08-20T11:03:01","date_gmt":"2015-08-20T14:03:01","guid":{"rendered":"https:\/\/jusprev.org.br\/backup\/?p=8630"},"modified":"2015-08-20T11:03:01","modified_gmt":"2015-08-20T14:03:01","slug":"reuniao-do-comite-de-investimentos-e-realizada-na-jusprev-3","status":"publish","type":"post","link":"https:\/\/jusprev.org.br\/backup\/reuniao-do-comite-de-investimentos-e-realizada-na-jusprev-3\/","title":{"rendered":"Reuni\u00e3o do Comit\u00ea de Investimentos \u00e9 realizada na JUSPREV"},"content":{"rendered":"<p style=\"text-align: justify;\">No dia 19 de agosto, aconteceu na JUSPREV a reuni\u00e3o do Comit\u00ea de Investimentos. Estiveram presentes a Diretora-Presidente da JUSPREV &#8211; Dra. Maria Tereza Uille Gomes, o presidente do Comit\u00ea &#8211; Dr. F\u00e1bio\u00a0Bertoli Esmanhotto, Dr. Marco Aur\u00e9lio Monteiro Tuoto, a Gerente Geral &#8211; Deborah Traldi Maggio e o Analista Econ\u00f4mico da JUSPREV &#8211; Allan Nogueira.<\/p>\n<p style=\"text-align: justify;\">Na ocasi\u00e3o, al\u00e9m de debaterem assuntos gerais, foi analisada a apresenta\u00e7\u00e3o da Aditus, referente \u00e0s propostas recebidas de potenciais gestoras (<em>Assets<\/em>) para cria\u00e7\u00e3o de um fundo exclusivo onde 100% de sua composi\u00e7\u00e3o seja em T\u00edtulos do Tesouro Direto e o estudo da viabilidade para cria\u00e7\u00e3o deste terceiro fundo.<\/p>\n","protected":false},"excerpt":{"rendered":"<p>No dia 19 de agosto, aconteceu na JUSPREV a reuni\u00e3o do Comit\u00ea de Investimentos. Estiveram presentes a Diretora-Presidente da JUSPREV &#8211; Dra. Maria Tereza Uille Gomes, o presidente do Comit\u00ea&#8230;<\/p>\n","protected":false},"author":4,"featured_media":0,"comment_status":"closed","ping_status":"closed","sticky":false,"template":"","format":"standard","meta":{"footnotes":""},"categories":[31],"tags":[],"class_list":["post-8630","post","type-post","status-publish","format-standard","hentry","category-noticias"],"_links":{"self":[{"href":"https:\/\/jusprev.org.br\/backup\/wp-json\/wp\/v2\/posts\/8630","targetHints":{"allow":["GET"]}}],"collection":[{"href":"https:\/\/jusprev.org.br\/backup\/wp-json\/wp\/v2\/posts"}],"about":[{"href":"https:\/\/jusprev.org.br\/backup\/wp-json\/wp\/v2\/types\/post"}],"author":[{"embeddable":true,"href":"https:\/\/jusprev.org.br\/backup\/wp-json\/wp\/v2\/users\/4"}],"replies":[{"embeddable":true,"href":"https:\/\/jusprev.org.br\/backup\/wp-json\/wp\/v2\/comments?post=8630"}],"version-history":[{"count":0,"href":"https:\/\/jusprev.org.br\/backup\/wp-json\/wp\/v2\/posts\/8630\/revisions"}],"wp:attachment":[{"href":"https:\/\/jusprev.org.br\/backup\/wp-json\/wp\/v2\/media?parent=8630"}],"wp:term":[{"taxonomy":"category","embeddable":true,"href":"https:\/\/jusprev.org.br\/backup\/wp-json\/wp\/v2\/categories?post=8630"},{"taxonomy":"post_tag","embeddable":true,"href":"https:\/\/jusprev.org.br\/backup\/wp-json\/wp\/v2\/tags?post=8630"}],"curies":[{"name":"wp","href":"https:\/\/api.w.org\/{rel}","templated":true}]}}