{"id":8640,"date":"2015-09-01T12:24:53","date_gmt":"2015-09-01T15:24:53","guid":{"rendered":"https:\/\/jusprev.org.br\/backup\/?p=8640"},"modified":"2015-09-01T12:24:53","modified_gmt":"2015-09-01T15:24:53","slug":"jusprev-realiza-reuniao-dos-orgaos-colegiados-com-eleicao-dos-novos-membros-dos-conselhos-deliberativo-e-fiscal-e-apresentacao-do-novo-diretor-juridico-e-de-beneficios","status":"publish","type":"post","link":"https:\/\/jusprev.org.br\/backup\/jusprev-realiza-reuniao-dos-orgaos-colegiados-com-eleicao-dos-novos-membros-dos-conselhos-deliberativo-e-fiscal-e-apresentacao-do-novo-diretor-juridico-e-de-beneficios\/","title":{"rendered":"JUSPREV realiza reuni\u00e3o dos \u00d3rg\u00e3os Colegiados, com elei\u00e7\u00e3o dos novos membros dos Conselhos Deliberativo e Fiscal e apresenta\u00e7\u00e3o do novo Diretor Jur\u00eddico e de Benef\u00edcios"},"content":{"rendered":"<p style=\"text-align: justify;\"><a href=\"https:\/\/jusprev.org.br\/backup\/wp-content\/uploads\/2015\/09\/foto-1-reuni\u00e3o.jpg\"><img loading=\"lazy\" decoding=\"async\" class=\"alignleft wp-image-8642 size-medium\" src=\"https:\/\/jusprev.org.br\/backup\/wp-content\/uploads\/2015\/09\/foto-1-reuni\u00e3o-300x169.jpg\" alt=\"foto 1 reuni\u00e3o\" width=\"300\" height=\"169\" \/><\/a>Integrantes do Col\u00e9gio de Instituidoras, do Conselho Deliberativo, Conselho Fiscal e a Diretoria Executiva da JUSPREV se reunirem nesta segunda-feira (31), na sede da Associa\u00e7\u00e3o dos Procuradores do Estado do Paran\u00e1 \u2013 APEP, em Curitiba, para discuss\u00e3o e delibera\u00e7\u00e3o acerca de assuntos de suas compet\u00eancias.<\/p>\n<p style=\"text-align: justify;\">O destaque da reuni\u00e3o foi a elei\u00e7\u00e3o dos 4 novos membros titulares e 6 suplentes para o Conselho Deliberativo e dos 3 novos membros titulares e 3 suplentes para o Conselho Fiscal. Outro destaque, foi a escolha do novo Diretor Jur\u00eddico e de Benef\u00edcios da JUSPREV \u2013 Dr. Hercules Maia Kotsifas da ANFIP (Associa\u00e7\u00e3o Nacional dos Auditores-Fiscais da Receita Federal do Brasil) que assume o cargo no lugar do Dr. Vanderley Jos\u00e9 Ma\u00e7aneiro.<\/p>\n<p style=\"text-align: justify;\">Os demais assuntos discutidos foram a apresenta\u00e7\u00e3o pelo Comit\u00ea de Investimentos da proposta de abertura de um fundo exclusivo com aplica\u00e7\u00e3o em t\u00edtulos do Tesouro Direto, apresenta\u00e7\u00e3o da Resolu\u00e7\u00e3o CNPC n\u00b0 18 de 30\/03\/2015, delibera\u00e7\u00e3o acerca da desonera\u00e7\u00e3o das Instituidoras e a explana\u00e7\u00e3o das <em>assets<\/em> BRAM- Bradesco Asset Management e DLM Asset Management sobre o fundo JUSPREV e rentabilidade do per\u00edodo de janeiro a julho de 2015, bem como a an\u00e1lise das estrat\u00e9gias dos gestores\u00a0 realizada pela Aditus Consultoria.<\/p>\n","protected":false},"excerpt":{"rendered":"<p>Integrantes do Col\u00e9gio de Instituidoras, do Conselho Deliberativo, Conselho Fiscal e a Diretoria Executiva da JUSPREV se reunirem nesta segunda-feira (31), na sede da Associa\u00e7\u00e3o dos Procuradores do Estado do&#8230;<\/p>\n","protected":false},"author":4,"featured_media":0,"comment_status":"closed","ping_status":"closed","sticky":false,"template":"","format":"standard","meta":{"footnotes":""},"categories":[31],"tags":[],"class_list":["post-8640","post","type-post","status-publish","format-standard","hentry","category-noticias"],"_links":{"self":[{"href":"https:\/\/jusprev.org.br\/backup\/wp-json\/wp\/v2\/posts\/8640","targetHints":{"allow":["GET"]}}],"collection":[{"href":"https:\/\/jusprev.org.br\/backup\/wp-json\/wp\/v2\/posts"}],"about":[{"href":"https:\/\/jusprev.org.br\/backup\/wp-json\/wp\/v2\/types\/post"}],"author":[{"embeddable":true,"href":"https:\/\/jusprev.org.br\/backup\/wp-json\/wp\/v2\/users\/4"}],"replies":[{"embeddable":true,"href":"https:\/\/jusprev.org.br\/backup\/wp-json\/wp\/v2\/comments?post=8640"}],"version-history":[{"count":0,"href":"https:\/\/jusprev.org.br\/backup\/wp-json\/wp\/v2\/posts\/8640\/revisions"}],"wp:attachment":[{"href":"https:\/\/jusprev.org.br\/backup\/wp-json\/wp\/v2\/media?parent=8640"}],"wp:term":[{"taxonomy":"category","embeddable":true,"href":"https:\/\/jusprev.org.br\/backup\/wp-json\/wp\/v2\/categories?post=8640"},{"taxonomy":"post_tag","embeddable":true,"href":"https:\/\/jusprev.org.br\/backup\/wp-json\/wp\/v2\/tags?post=8640"}],"curies":[{"name":"wp","href":"https:\/\/api.w.org\/{rel}","templated":true}]}}