{"id":8645,"date":"2015-09-04T10:02:59","date_gmt":"2015-09-04T13:02:59","guid":{"rendered":"https:\/\/jusprev.org.br\/backup\/?p=8645"},"modified":"2015-09-04T10:02:59","modified_gmt":"2015-09-04T13:02:59","slug":"comunicado-de-expediente-2","status":"publish","type":"post","link":"https:\/\/jusprev.org.br\/backup\/comunicado-de-expediente-2\/","title":{"rendered":"Comunicado de Expediente"},"content":{"rendered":"<p style=\"text-align: justify;\">Informamos que em virtude dos feriados da Independ\u00eancia do Brasil e Nossa Senhora da Luz dos Pinhais (feriado municipal), nos dias 07 e 08 de setembro, n\u00e3o haver\u00e1 expediente na JUSPREV. Todos os servi\u00e7os ser\u00e3o inteiramente normalizados no dia 09 (quarta-feira).<\/p>\n","protected":false},"excerpt":{"rendered":"<p>Informamos que em virtude dos feriados da Independ\u00eancia do Brasil e Nossa Senhora da Luz dos Pinhais (feriado municipal), nos dias 07 e 08 de setembro, n\u00e3o haver\u00e1 expediente na&#8230;<\/p>\n","protected":false},"author":4,"featured_media":0,"comment_status":"closed","ping_status":"closed","sticky":false,"template":"","format":"standard","meta":{"footnotes":""},"categories":[31],"tags":[],"class_list":["post-8645","post","type-post","status-publish","format-standard","hentry","category-noticias"],"_links":{"self":[{"href":"https:\/\/jusprev.org.br\/backup\/wp-json\/wp\/v2\/posts\/8645","targetHints":{"allow":["GET"]}}],"collection":[{"href":"https:\/\/jusprev.org.br\/backup\/wp-json\/wp\/v2\/posts"}],"about":[{"href":"https:\/\/jusprev.org.br\/backup\/wp-json\/wp\/v2\/types\/post"}],"author":[{"embeddable":true,"href":"https:\/\/jusprev.org.br\/backup\/wp-json\/wp\/v2\/users\/4"}],"replies":[{"embeddable":true,"href":"https:\/\/jusprev.org.br\/backup\/wp-json\/wp\/v2\/comments?post=8645"}],"version-history":[{"count":0,"href":"https:\/\/jusprev.org.br\/backup\/wp-json\/wp\/v2\/posts\/8645\/revisions"}],"wp:attachment":[{"href":"https:\/\/jusprev.org.br\/backup\/wp-json\/wp\/v2\/media?parent=8645"}],"wp:term":[{"taxonomy":"category","embeddable":true,"href":"https:\/\/jusprev.org.br\/backup\/wp-json\/wp\/v2\/categories?post=8645"},{"taxonomy":"post_tag","embeddable":true,"href":"https:\/\/jusprev.org.br\/backup\/wp-json\/wp\/v2\/tags?post=8645"}],"curies":[{"name":"wp","href":"https:\/\/api.w.org\/{rel}","templated":true}]}}