{"id":8671,"date":"2015-09-21T12:34:18","date_gmt":"2015-09-21T15:34:18","guid":{"rendered":"https:\/\/jusprev.org.br\/backup\/?p=8671"},"modified":"2015-09-21T12:34:18","modified_gmt":"2015-09-21T15:34:18","slug":"maria-tereza-uille-gomes-fala-sobre-a-jusprev-e-os-desafios-da-previdencia-associativa","status":"publish","type":"post","link":"https:\/\/jusprev.org.br\/backup\/maria-tereza-uille-gomes-fala-sobre-a-jusprev-e-os-desafios-da-previdencia-associativa\/","title":{"rendered":"Maria Tereza Uille Gomes fala sobre a JUSPREV e os desafios da Previd\u00eancia Associativa"},"content":{"rendered":"<p style=\"text-align: justify;\">No m\u00eas em que a JUSPREV (Previd\u00eancia Associativa do Minist\u00e9rio P\u00fablico, da Justi\u00e7a Brasileira e dos Auditores\u00a0Fiscais da Receita Federal do Brasil) &#8211; nome consolidado entre os dez maiores fundos institu\u00eddos do Pa\u00eds -comemora ter atingido a not\u00f3ria cifra de R$ 100 milh\u00f5es em recursos administrados, a diretora-presidente e uma\u00a0de suas fundadoras, Maria Tereza Uille Gomes, fala sobre a previd\u00eancia dos integrantes de carreiras jur\u00eddicas\u00a0p\u00fablicas do Brasil e sobre as perspectivas da Previd\u00eancia Associativa.<\/p>\n<p style=\"text-align: justify;\"><a href=\"https:\/\/jusprev.org.br\/backup\/wp-content\/uploads\/2015\/09\/Entrevista-Dra.pdf\">Clique aqui e leia a entrevista completa.<\/a><\/p>\n","protected":false},"excerpt":{"rendered":"<p>No m\u00eas em que a JUSPREV (Previd\u00eancia Associativa do Minist\u00e9rio P\u00fablico, da Justi\u00e7a Brasileira e dos Auditores\u00a0Fiscais da Receita Federal do Brasil) &#8211; nome consolidado entre os dez maiores fundos&#8230;<\/p>\n","protected":false},"author":4,"featured_media":0,"comment_status":"closed","ping_status":"closed","sticky":false,"template":"","format":"standard","meta":{"footnotes":""},"categories":[31],"tags":[],"class_list":["post-8671","post","type-post","status-publish","format-standard","hentry","category-noticias"],"_links":{"self":[{"href":"https:\/\/jusprev.org.br\/backup\/wp-json\/wp\/v2\/posts\/8671","targetHints":{"allow":["GET"]}}],"collection":[{"href":"https:\/\/jusprev.org.br\/backup\/wp-json\/wp\/v2\/posts"}],"about":[{"href":"https:\/\/jusprev.org.br\/backup\/wp-json\/wp\/v2\/types\/post"}],"author":[{"embeddable":true,"href":"https:\/\/jusprev.org.br\/backup\/wp-json\/wp\/v2\/users\/4"}],"replies":[{"embeddable":true,"href":"https:\/\/jusprev.org.br\/backup\/wp-json\/wp\/v2\/comments?post=8671"}],"version-history":[{"count":0,"href":"https:\/\/jusprev.org.br\/backup\/wp-json\/wp\/v2\/posts\/8671\/revisions"}],"wp:attachment":[{"href":"https:\/\/jusprev.org.br\/backup\/wp-json\/wp\/v2\/media?parent=8671"}],"wp:term":[{"taxonomy":"category","embeddable":true,"href":"https:\/\/jusprev.org.br\/backup\/wp-json\/wp\/v2\/categories?post=8671"},{"taxonomy":"post_tag","embeddable":true,"href":"https:\/\/jusprev.org.br\/backup\/wp-json\/wp\/v2\/tags?post=8671"}],"curies":[{"name":"wp","href":"https:\/\/api.w.org\/{rel}","templated":true}]}}