{"id":8692,"date":"2015-10-15T10:35:54","date_gmt":"2015-10-15T13:35:54","guid":{"rendered":"https:\/\/jusprev.org.br\/backup\/?p=8692"},"modified":"2015-10-15T10:35:54","modified_gmt":"2015-10-15T13:35:54","slug":"36-congresso-brasileiro-dos-fundos-de-pensao","status":"publish","type":"post","link":"https:\/\/jusprev.org.br\/backup\/36-congresso-brasileiro-dos-fundos-de-pensao\/","title":{"rendered":"36\u00b0 Congresso Brasileiro dos Fundos de Pens\u00e3o"},"content":{"rendered":"<p style=\"text-align: justify;\">O 36 Congresso Brasileiro dos Fundos de Pens\u00e3o, aconteceu de 07 a 09 de outubro, no Centro Internacional de Conven\u00e7\u00f5es do Brasil, em Bras\u00edlia. O tema do evento foi &#8211; Maturidade, Desafios e Oportunidade &#8211; colocando em evid\u00eancia que a reposi\u00e7\u00e3o sist\u00eamica \u00e9 condi\u00e7\u00e3o imperiosa e determinante para a conserva\u00e7\u00e3o, no futuro, do ciclo virtuoso que a previd\u00eancia complementar possibilita para o desenvolvimento e sustentabilidade de qualquer<span class=\"text_exposed_show\"> na\u00e7\u00e3o.<\/span><\/p>\n<div class=\"text_exposed_show\">\n<p style=\"text-align: justify;\">Representando a JUSPREV, estiveram presentes no evento a Gerente Geral &#8211; Deborah Traldi Magio e a Coordenadora de Relacionamento &#8211; Glaucia Mur\u00e7a. O momento foi bastante oportuno para discutir solu\u00e7\u00f5es de investimento para os fundos de pens\u00e3o no cen\u00e1rio atual, tratando-se ainda de uma oportunidade de aprendizado m\u00fatuo frente aos desafios de compor estrat\u00e9gias contemplando objetivos tanto de curto quanto de longo prazo das funda\u00e7\u00f5es.<\/p>\n<\/div>\n","protected":false},"excerpt":{"rendered":"<p>O 36 Congresso Brasileiro dos Fundos de Pens\u00e3o, aconteceu de 07 a 09 de outubro, no Centro Internacional de Conven\u00e7\u00f5es do Brasil, em Bras\u00edlia. O tema do evento foi &#8211;&#8230;<\/p>\n","protected":false},"author":4,"featured_media":0,"comment_status":"closed","ping_status":"closed","sticky":false,"template":"","format":"standard","meta":{"footnotes":""},"categories":[31],"tags":[],"class_list":["post-8692","post","type-post","status-publish","format-standard","hentry","category-noticias"],"_links":{"self":[{"href":"https:\/\/jusprev.org.br\/backup\/wp-json\/wp\/v2\/posts\/8692","targetHints":{"allow":["GET"]}}],"collection":[{"href":"https:\/\/jusprev.org.br\/backup\/wp-json\/wp\/v2\/posts"}],"about":[{"href":"https:\/\/jusprev.org.br\/backup\/wp-json\/wp\/v2\/types\/post"}],"author":[{"embeddable":true,"href":"https:\/\/jusprev.org.br\/backup\/wp-json\/wp\/v2\/users\/4"}],"replies":[{"embeddable":true,"href":"https:\/\/jusprev.org.br\/backup\/wp-json\/wp\/v2\/comments?post=8692"}],"version-history":[{"count":0,"href":"https:\/\/jusprev.org.br\/backup\/wp-json\/wp\/v2\/posts\/8692\/revisions"}],"wp:attachment":[{"href":"https:\/\/jusprev.org.br\/backup\/wp-json\/wp\/v2\/media?parent=8692"}],"wp:term":[{"taxonomy":"category","embeddable":true,"href":"https:\/\/jusprev.org.br\/backup\/wp-json\/wp\/v2\/categories?post=8692"},{"taxonomy":"post_tag","embeddable":true,"href":"https:\/\/jusprev.org.br\/backup\/wp-json\/wp\/v2\/tags?post=8692"}],"curies":[{"name":"wp","href":"https:\/\/api.w.org\/{rel}","templated":true}]}}