{"id":8694,"date":"2015-10-15T10:40:10","date_gmt":"2015-10-15T13:40:10","guid":{"rendered":"https:\/\/jusprev.org.br\/backup\/?p=8694"},"modified":"2015-10-15T10:40:10","modified_gmt":"2015-10-15T13:40:10","slug":"jusprev-participa-do-xxi-congresso-nacional-do-ministerio-publico","status":"publish","type":"post","link":"https:\/\/jusprev.org.br\/backup\/jusprev-participa-do-xxi-congresso-nacional-do-ministerio-publico\/","title":{"rendered":"JUSPREV participa do XXI Congresso Nacional do Minist\u00e9rio P\u00fablico"},"content":{"rendered":"<p style=\"text-align: justify;\"><a href=\"https:\/\/jusprev.org.br\/backup\/wp-content\/uploads\/2015\/10\/evento-rio-2.jpg\"><img loading=\"lazy\" decoding=\"async\" class=\"alignleft wp-image-8696 size-medium\" src=\"https:\/\/jusprev.org.br\/backup\/wp-content\/uploads\/2015\/10\/evento-rio-2-300x208.jpg\" alt=\"evento rio 2\" width=\"300\" height=\"208\" \/><\/a>O XXI Congresso Nacional do Minist\u00e9rio P\u00fablico, ocorreu entre os\u00a0dias 06 e 09 de outubro, no Centro de Conven\u00e7\u00f5es do Hotel Royal\u00a0Tulip, no Rio de Janeiro. O evento, buscou lan\u00e7ar um olhar sobre o\u00a0<span class=\"text_exposed_show\">cen\u00e1rio contempor\u00e2neo de acesso democr\u00e1tico e din\u00e2mico \u00e0\u00a0informa\u00e7\u00e3o, observando as oportunidades que esse cen\u00e1rio\u00a0propicia ao cumprimento do dever do Minist\u00e9rio P\u00fablico, em seus\u00a0diversos \u00e2mbitos, atentando para os novos desafios que despontam\u00a0como caracter\u00edstica do novo arranjo cultural-tecnol\u00f3gico.<\/span><\/p>\n<p style=\"text-align: justify;\">Este ano, o evento foi organizado pela Associa\u00e7\u00e3o Nacional dos\u00a0Membros do Minist\u00e9rio P\u00fablico (CONAMP) e a Associa\u00e7\u00e3o do\u00a0Minist\u00e9rio P\u00fablico do Estado do Rio de Janeiro (AMPERJ). A\u00a0programa\u00e7\u00e3o substanciosa constru\u00edda pelos organizadores, trouxe pain\u00e9is e palestras relevantes. Entre os v\u00e1rios objetivos, estavam a troca de experi\u00eancias entre os Membros do Parquet, os estudos de casos e os debates gerais.<\/p>\n<div class=\"text_exposed_show\">\n<p style=\"text-align: justify;\">A JUSPREV esteve presente no evento, representada pela Consultora Previdenci\u00e1ria &#8211; Paola Machado e pela Assistente Institucional &#8211; Jessyca N. T. Da Silva. Na ocasi\u00e3o, foi poss\u00edvel apresentar as vantagens e os benef\u00edcios do PLANJUS, ressaltando a import\u00e2ncia em adquirir um plano de previd\u00eancia complementar. Para os visitantes do estande, foi realizado um sorteio de um tablet, a vencedora foi a Promotora de Justi\u00e7a &#8211; Dra. Airles K\u00e1tia Borges Rameh de Souza &#8211; da Para\u00edba\/RN.<\/p>\n<\/div>\n","protected":false},"excerpt":{"rendered":"<p>O XXI Congresso Nacional do Minist\u00e9rio P\u00fablico, ocorreu entre os\u00a0dias 06 e 09 de outubro, no Centro de Conven\u00e7\u00f5es do Hotel Royal\u00a0Tulip, no Rio de Janeiro. O evento, buscou lan\u00e7ar&#8230;<\/p>\n","protected":false},"author":4,"featured_media":0,"comment_status":"closed","ping_status":"closed","sticky":false,"template":"","format":"standard","meta":{"footnotes":""},"categories":[31],"tags":[],"class_list":["post-8694","post","type-post","status-publish","format-standard","hentry","category-noticias"],"_links":{"self":[{"href":"https:\/\/jusprev.org.br\/backup\/wp-json\/wp\/v2\/posts\/8694","targetHints":{"allow":["GET"]}}],"collection":[{"href":"https:\/\/jusprev.org.br\/backup\/wp-json\/wp\/v2\/posts"}],"about":[{"href":"https:\/\/jusprev.org.br\/backup\/wp-json\/wp\/v2\/types\/post"}],"author":[{"embeddable":true,"href":"https:\/\/jusprev.org.br\/backup\/wp-json\/wp\/v2\/users\/4"}],"replies":[{"embeddable":true,"href":"https:\/\/jusprev.org.br\/backup\/wp-json\/wp\/v2\/comments?post=8694"}],"version-history":[{"count":0,"href":"https:\/\/jusprev.org.br\/backup\/wp-json\/wp\/v2\/posts\/8694\/revisions"}],"wp:attachment":[{"href":"https:\/\/jusprev.org.br\/backup\/wp-json\/wp\/v2\/media?parent=8694"}],"wp:term":[{"taxonomy":"category","embeddable":true,"href":"https:\/\/jusprev.org.br\/backup\/wp-json\/wp\/v2\/categories?post=8694"},{"taxonomy":"post_tag","embeddable":true,"href":"https:\/\/jusprev.org.br\/backup\/wp-json\/wp\/v2\/tags?post=8694"}],"curies":[{"name":"wp","href":"https:\/\/api.w.org\/{rel}","templated":true}]}}