{"id":8701,"date":"2015-10-20T11:29:58","date_gmt":"2015-10-20T13:29:58","guid":{"rendered":"https:\/\/jusprev.org.br\/backup\/?p=8701"},"modified":"2015-10-20T11:29:58","modified_gmt":"2015-10-20T13:29:58","slug":"saque-antecipado-no-plano-de-previdencia-privada-deve-ser-evitado","status":"publish","type":"post","link":"https:\/\/jusprev.org.br\/backup\/saque-antecipado-no-plano-de-previdencia-privada-deve-ser-evitado\/","title":{"rendered":"Saque antecipado no plano de previd\u00eancia privada deve ser evitado"},"content":{"rendered":"<p style=\"text-align: justify;\"><span style=\"color: #000000;\">Em tempos de recess\u00e3o econ\u00f4mica, crise e dificuldade financeira, pode ser grande a tenta\u00e7\u00e3o de efetuar o resgate do plano de previd\u00eancia privada para o pagamento das mais diversas despesas. Mas \u00e9 importante ter consci\u00eancia de que fazer essa escolha pode acarretar uma s\u00e9rie de problemas futuros, como a diminui\u00e7\u00e3o da renda, entre outras limita\u00e7\u00f5es.<\/span><\/p>\n<p style=\"text-align: justify;\"><span style=\"color: #000000;\"><b>Por que evitar o saque antecipado<\/b><\/span><\/p>\n<p style=\"text-align: justify;\"><span style=\"color: #000000;\">Engana-se quem pensa que uma restitui\u00e7\u00e3o de saque ou que retirar apenas um pouco do valor do plano de previd\u00eancia privada n\u00e3o afetar\u00e1 substancialmente o resultado final. Para entender o\u00a0impacto no or\u00e7amento, o educador financeiro Silvio Bianchi d\u00e1 um exemplo.<\/span><\/p>\n<p style=\"text-align: justify;\"><span style=\"color: #000000;\">\u201cImagine um plano de previd\u00eancia que pague 0,5% ao m\u00eas (rendimento da conta poupan\u00e7a sem a Taxa de Refer\u00eancia). Todos os meses, deixamos de depositar R$ 12 para gast\u00e1-los em outros segmentos. Em 20 anos, essa quantia mensal representar\u00e1 R$ 5.544 e, em 30, ser\u00e3o R$ 12.054\u201d, completa.<\/span><\/p>\n<p style=\"text-align: justify;\"><span style=\"color: #000000;\">Se apenas R$ 12 por m\u00eas j\u00e1 podem significar uma redu\u00e7\u00e3o significativa da poupan\u00e7a, imagine o impacto que saques maiores podem gerar. Nesse sentido, a educa\u00e7\u00e3o financeira \u00e9 a melhor ferramenta para viver com as finan\u00e7as organizadas.<\/span><\/p>\n<p style=\"text-align: justify;\"><span style=\"color: #000000;\"><b>5 dicas contra o saque no plano de previd\u00eancia privada<\/b><\/span><\/p>\n<p style=\"text-align: justify;\"><span style=\"color: #000000;\">Uma das principais v\u00edtimas do descontrole financeiro \u00e9 justamente o plano de previd\u00eancia privada. Confira cinco recomenda\u00e7\u00f5es de Bianchi para organizar o seu or\u00e7amento e n\u00e3o ter que recorrer a essa reserva.<\/span><\/p>\n<p style=\"text-align: justify;\"><strong><span style=\"color: #000000;\">Eduque-se financeiramente<\/span><\/strong><\/p>\n<p style=\"text-align: justify;\"><span style=\"color: #000000;\">Os grandes beneficiados dessa medida ser\u00e3o voc\u00ea e sua fam\u00edlia. Ao se educar financeiramente, saber\u00e1 como priorizar seus objetivos, como controlar seus ganhos e suas despesas, como fazer para reduzir despesas sup\u00e9rfluas, eliminar o desperd\u00edcio e utilizar esse dinheiro para seus\u00a0sonhos.<\/span><\/p>\n<p style=\"text-align: justify;\"><strong><span style=\"color: #000000;\">Tenha objetivos em curto, m\u00e9dio e longo prazos<\/span><\/strong><\/p>\n<p style=\"text-align: justify;\"><span style=\"color: #000000;\">Na medida que esses objetivos sejam importantes para voc\u00ea, ajudar\u00e3o a priorizar suas despesas e, principalmente, a n\u00e3o atacar as reservas para o futuro para cobrir gastos por impulso no presente.<\/span><\/p>\n<p style=\"text-align: justify;\"><strong><span style=\"color: #000000;\">Fa\u00e7a seu or\u00e7amento mensal<\/span><\/strong><\/p>\n<p style=\"text-align: justify;\"><span style=\"color: #000000;\">Or\u00e7ar n\u00e3o \u00e9 s\u00f3 anotar gastos todos os meses, mas decidir para onde ir\u00e1 seu dinheiro ao longo do m\u00eas. Ao preparar seu or\u00e7amento (que deve estar escrito, como qualquer mapa), priorize sonhos\u00a0aos gastos. Deduza dos ganhos l\u00edquidos a parcela mensal necess\u00e1ria para realiz\u00e1-los.<\/span><\/p>\n<p style=\"text-align: justify;\"><strong><span style=\"color: #000000;\">Crie uma reserva emergencial<\/span><\/strong><\/p>\n<p style=\"text-align: justify;\"><span style=\"color: #000000;\">Aproveite parte desse dinheiro que est\u00e1 conseguindo ao reduzir despesas desnecess\u00e1rias para criar uma reserva emergencial. Voc\u00ea nunca sabe quando precisar\u00e1 de um dinheiro extra.<\/span><\/p>\n<p style=\"text-align: justify;\"><strong><span style=\"color: #000000;\">Fa\u00e7a todos participarem<\/span><\/strong><\/p>\n<p style=\"text-align: justify;\"><span style=\"color: #000000;\">Converse com sua fam\u00edlia sobre as despesas mensais e colha ideias de todos sobre como fazer para conter ou reduzir as despesas com energia el\u00e9trica, \u00e1gua, g\u00e1s e itens escolares. No fim do ano, esse valor pode cobrir f\u00e9rias ou um fim de semana na praia.<\/span><\/p>\n<p style=\"text-align: justify;\"><span style=\"color: #000000;\">fonte:\u00a0www.vivoseudinheiro.com.br<\/span><\/p>\n<p style=\"text-align: justify;\">\n","protected":false},"excerpt":{"rendered":"<p>Em tempos de recess\u00e3o econ\u00f4mica, crise e dificuldade financeira, pode ser grande a tenta\u00e7\u00e3o de efetuar o resgate do plano de previd\u00eancia privada para o pagamento das mais diversas despesas&#8230;.<\/p>\n","protected":false},"author":4,"featured_media":0,"comment_status":"closed","ping_status":"closed","sticky":false,"template":"","format":"standard","meta":{"footnotes":""},"categories":[31],"tags":[],"class_list":["post-8701","post","type-post","status-publish","format-standard","hentry","category-noticias"],"_links":{"self":[{"href":"https:\/\/jusprev.org.br\/backup\/wp-json\/wp\/v2\/posts\/8701","targetHints":{"allow":["GET"]}}],"collection":[{"href":"https:\/\/jusprev.org.br\/backup\/wp-json\/wp\/v2\/posts"}],"about":[{"href":"https:\/\/jusprev.org.br\/backup\/wp-json\/wp\/v2\/types\/post"}],"author":[{"embeddable":true,"href":"https:\/\/jusprev.org.br\/backup\/wp-json\/wp\/v2\/users\/4"}],"replies":[{"embeddable":true,"href":"https:\/\/jusprev.org.br\/backup\/wp-json\/wp\/v2\/comments?post=8701"}],"version-history":[{"count":0,"href":"https:\/\/jusprev.org.br\/backup\/wp-json\/wp\/v2\/posts\/8701\/revisions"}],"wp:attachment":[{"href":"https:\/\/jusprev.org.br\/backup\/wp-json\/wp\/v2\/media?parent=8701"}],"wp:term":[{"taxonomy":"category","embeddable":true,"href":"https:\/\/jusprev.org.br\/backup\/wp-json\/wp\/v2\/categories?post=8701"},{"taxonomy":"post_tag","embeddable":true,"href":"https:\/\/jusprev.org.br\/backup\/wp-json\/wp\/v2\/tags?post=8701"}],"curies":[{"name":"wp","href":"https:\/\/api.w.org\/{rel}","templated":true}]}}