{"id":8719,"date":"2015-10-26T14:46:24","date_gmt":"2015-10-26T16:46:24","guid":{"rendered":"https:\/\/jusprev.org.br\/backup\/?p=8719"},"modified":"2015-10-26T14:46:24","modified_gmt":"2015-10-26T16:46:24","slug":"para-deducao-no-ir-os-aportes-no-seu-plano-previdencia-tem-de-ser-feitos-ate-dezembro-2","status":"publish","type":"post","link":"https:\/\/jusprev.org.br\/backup\/para-deducao-no-ir-os-aportes-no-seu-plano-previdencia-tem-de-ser-feitos-ate-dezembro-2\/","title":{"rendered":"Para dedu\u00e7\u00e3o no IR os aportes no seu plano previd\u00eancia t\u00eam de ser feitos at\u00e9 dezembro"},"content":{"rendered":"<p style=\"text-align: justify;\">Quem \u00e9 participante do PLANJUS \u2013 Plano de Benef\u00edcios previdenci\u00e1rios da JUSPREV, pode aproveitar os \u00faltimos meses do ano para fazer contribui\u00e7\u00f5es complementares e reduzir a incid\u00eancia do imposto sobre o ganho anual.<\/p>\n<p style=\"text-align: justify;\">O PLANJUS permite que os participantes descontem o investimento na sua declara\u00e7\u00e3o do IR, com a limita\u00e7\u00e3o de 12% de seus ganhos em 2015, isso porque, tanto os recursos depositados quanto os rendimentos s\u00e3o tributados somente no resgate.<\/p>\n<p style=\"text-align: justify;\">Por\u00e9m, consultores financeiros afirmam que aplicar em um plano de previd\u00eancia sem a inten\u00e7\u00e3o de investir no longo prazo, apenas para se beneficiar do desconto no IR, n\u00e3o \u00e9 bom neg\u00f3cio. O investimento em previd\u00eancia privada passa a ter benef\u00edcios com aplica\u00e7\u00f5es em um per\u00edodo de pelo menos cinco a dez anos.<\/p>\n<p style=\"text-align: justify;\">Neste ano, para utilizar o benef\u00edcio do desconto no IR, o prazo para a realiza\u00e7\u00e3o dos aportes \u00e9 at\u00e9 o dia 29 de dezembro de 2015.<\/p>\n<p style=\"text-align: justify;\"><a href=\"https:\/\/jusprev.org.br\/backup\/?p=8714\">Clique aqui<\/a> e acesse o infogr\u00e1fico que explica o passo a passo para realiza\u00e7\u00e3o do aporte.<\/p>\n","protected":false},"excerpt":{"rendered":"<p>Quem \u00e9 participante do PLANJUS \u2013 Plano de Benef\u00edcios previdenci\u00e1rios da JUSPREV, pode aproveitar os \u00faltimos meses do ano para fazer contribui\u00e7\u00f5es complementares e reduzir a incid\u00eancia do imposto sobre&#8230;<\/p>\n","protected":false},"author":4,"featured_media":0,"comment_status":"closed","ping_status":"closed","sticky":false,"template":"","format":"standard","meta":{"footnotes":""},"categories":[31],"tags":[],"class_list":["post-8719","post","type-post","status-publish","format-standard","hentry","category-noticias"],"_links":{"self":[{"href":"https:\/\/jusprev.org.br\/backup\/wp-json\/wp\/v2\/posts\/8719","targetHints":{"allow":["GET"]}}],"collection":[{"href":"https:\/\/jusprev.org.br\/backup\/wp-json\/wp\/v2\/posts"}],"about":[{"href":"https:\/\/jusprev.org.br\/backup\/wp-json\/wp\/v2\/types\/post"}],"author":[{"embeddable":true,"href":"https:\/\/jusprev.org.br\/backup\/wp-json\/wp\/v2\/users\/4"}],"replies":[{"embeddable":true,"href":"https:\/\/jusprev.org.br\/backup\/wp-json\/wp\/v2\/comments?post=8719"}],"version-history":[{"count":0,"href":"https:\/\/jusprev.org.br\/backup\/wp-json\/wp\/v2\/posts\/8719\/revisions"}],"wp:attachment":[{"href":"https:\/\/jusprev.org.br\/backup\/wp-json\/wp\/v2\/media?parent=8719"}],"wp:term":[{"taxonomy":"category","embeddable":true,"href":"https:\/\/jusprev.org.br\/backup\/wp-json\/wp\/v2\/categories?post=8719"},{"taxonomy":"post_tag","embeddable":true,"href":"https:\/\/jusprev.org.br\/backup\/wp-json\/wp\/v2\/tags?post=8719"}],"curies":[{"name":"wp","href":"https:\/\/api.w.org\/{rel}","templated":true}]}}