{"id":8723,"date":"2015-10-29T10:47:37","date_gmt":"2015-10-29T12:47:37","guid":{"rendered":"https:\/\/jusprev.org.br\/backup\/?p=8723"},"modified":"2015-10-29T10:47:37","modified_gmt":"2015-10-29T12:47:37","slug":"comite-de-investimentos-realiza-reuniao-na-jusprev-4","status":"publish","type":"post","link":"https:\/\/jusprev.org.br\/backup\/comite-de-investimentos-realiza-reuniao-na-jusprev-4\/","title":{"rendered":"Comit\u00ea de Investimentos realiza reuni\u00e3o na JUSPREV"},"content":{"rendered":"<p style=\"text-align: justify;\">No dia 28 (quarta-feira), aconteceu na JUSPREV a reuni\u00e3o do Comit\u00ea de Investimentos. Comandada pelo presidente do Comit\u00ea Dr. F\u00e1bio Bertoli Esmanhotto, a reuni\u00e3o contou com a presen\u00e7a dos membros Dr. Marcio Humberto Gheller, Dr. Marco Aurelio Monteiro Tuoto, Dra. Myrian Layr Monteiro Pereira Lund, e tamb\u00e9m do Analista Econ\u00f4mico da JUSPREV &#8211; Allan Nogueira e da Gerente Geral &#8211; Deborah Traldi Maggio.<\/p>\n<p style=\"text-align: justify;\">Durante a reuni\u00e3o, al\u00e9m de discutirem assuntos gerais, aconteceu a apresenta\u00e7\u00e3o das rentabilidades dos meses de agosto e setembro de 2015, pela Asset BRAM e do novo fundo da JUSPREV sob gest\u00e3o da Asset SulAm\u00e9rica. Logo ap\u00f3s, a Aditus Consultoria Financeira, realizou suas considera\u00e7\u00f5es acerca das rentabilidades obtidas pelas gestoras no acumulado 2015.<\/p>\n","protected":false},"excerpt":{"rendered":"<p>No dia 28 (quarta-feira), aconteceu na JUSPREV a reuni\u00e3o do Comit\u00ea de Investimentos. Comandada pelo presidente do Comit\u00ea Dr. F\u00e1bio Bertoli Esmanhotto, a reuni\u00e3o contou com a presen\u00e7a dos membros&#8230;<\/p>\n","protected":false},"author":4,"featured_media":0,"comment_status":"closed","ping_status":"closed","sticky":false,"template":"","format":"standard","meta":{"footnotes":""},"categories":[31],"tags":[],"class_list":["post-8723","post","type-post","status-publish","format-standard","hentry","category-noticias"],"_links":{"self":[{"href":"https:\/\/jusprev.org.br\/backup\/wp-json\/wp\/v2\/posts\/8723","targetHints":{"allow":["GET"]}}],"collection":[{"href":"https:\/\/jusprev.org.br\/backup\/wp-json\/wp\/v2\/posts"}],"about":[{"href":"https:\/\/jusprev.org.br\/backup\/wp-json\/wp\/v2\/types\/post"}],"author":[{"embeddable":true,"href":"https:\/\/jusprev.org.br\/backup\/wp-json\/wp\/v2\/users\/4"}],"replies":[{"embeddable":true,"href":"https:\/\/jusprev.org.br\/backup\/wp-json\/wp\/v2\/comments?post=8723"}],"version-history":[{"count":0,"href":"https:\/\/jusprev.org.br\/backup\/wp-json\/wp\/v2\/posts\/8723\/revisions"}],"wp:attachment":[{"href":"https:\/\/jusprev.org.br\/backup\/wp-json\/wp\/v2\/media?parent=8723"}],"wp:term":[{"taxonomy":"category","embeddable":true,"href":"https:\/\/jusprev.org.br\/backup\/wp-json\/wp\/v2\/categories?post=8723"},{"taxonomy":"post_tag","embeddable":true,"href":"https:\/\/jusprev.org.br\/backup\/wp-json\/wp\/v2\/tags?post=8723"}],"curies":[{"name":"wp","href":"https:\/\/api.w.org\/{rel}","templated":true}]}}