{"id":8725,"date":"2015-11-03T11:00:46","date_gmt":"2015-11-03T13:00:46","guid":{"rendered":"https:\/\/jusprev.org.br\/backup\/?p=8725"},"modified":"2015-11-03T11:00:46","modified_gmt":"2015-11-03T13:00:46","slug":"previdencia-privada-bate-recorde-de-captacao-apos-mudancas-no-inss","status":"publish","type":"post","link":"https:\/\/jusprev.org.br\/backup\/previdencia-privada-bate-recorde-de-captacao-apos-mudancas-no-inss\/","title":{"rendered":"Previd\u00eancia privada bate recorde de capta\u00e7\u00e3o ap\u00f3s mudan\u00e7as no INSS"},"content":{"rendered":"<p style=\"text-align: justify;\">As mudan\u00e7as de regras na\u00a0Previd\u00eancia Social\u00a0fez o tema\u00a0aposentadoria ressurgir com for\u00e7a nos investimentos. Preocupados com o futuro incerto dos benef\u00edcios do\u00a0INSS, mais brasileiros passaram a aplicar em planos de\u00a0previd\u00eancia privada.<\/p>\n<p style=\"text-align: justify;\">A capta\u00e7\u00e3o de janeiro a setembro bateu recorde, foram R$ 26,1 bilh\u00f5es, crescimento de 45,8% comparado ao mesmo per\u00edodo do ano passado (R$17,9 bilh\u00f5es). No acumulado em 12 meses, a previd\u00eancia privada tem capta\u00e7\u00e3o de R$ 39,4 bilh\u00f5es.<\/p>\n<p style=\"text-align: justify;\">Nem mesmo a renda fixa, preferida entre os investidores em momentos de juro alto, tem tido um bom desempenho. Em 12 meses, at\u00e9 27 de outubro, os saques superaram as aplica\u00e7\u00f5es em R$ 25,4 bilh\u00f5es, segundo a Associa\u00e7\u00e3o Brasileira das Entidades dos Mercados Financeiro e de Capitais (Anbima).<\/p>\n<p style=\"text-align: justify;\">Parte da explica\u00e7\u00e3o para a ascens\u00e3o da previd\u00eancia est\u00e1 na crise fiscal e econ\u00f4mica. Para diminuir o rombo nas contas p\u00fablicas, o governo alterou a regra da aposentadoria, baseada agora na f\u00f3rmula conhecida como regra 85\/95. A solu\u00e7\u00e3o \u00e9 apenas paliativa e espera-se que o governo proponha a idade m\u00ednima em 60 e 65 anos, respectivamente, para mulheres e homens.<\/p>\n<p style=\"text-align: justify;\">&#8220;Em momentos de crise, onde se comenta muito as dificuldades do Estado de manter os benef\u00edcios da previd\u00eancia, aumenta a consci\u00eancia do p\u00fablico de que pra ter uma aposentadoria digna, ser\u00e1 preciso ter mais condi\u00e7\u00e3o financeira&#8221;, diz o vice-presidente da Federa\u00e7\u00e3o Nacional de Previd\u00eancia Privada e Vida (FenaPrevi), L\u00facio Fl\u00e1vio de Oliveira. Momentos como o que o Brasil passa ajudam o investidor a perceber que ele \u00e9 o respons\u00e1vel por fazer uma poupan\u00e7a previdenci\u00e1ria, segundo Oliveira.<\/p>\n<p style=\"text-align: justify;\">A crise econ\u00f4mica tamb\u00e9m influencia a tomada de decis\u00e3o. &#8220;A infla\u00e7\u00e3o em alta impede o poder de compra dos consumidores, o que deixa as pessoas preocupadas com o futuro. Elas entendem que \u00e9 necess\u00e1rio ter uma aposentadoria complementar&#8221;, afirma a diretora da Anbima, Luciane Ribeiro.<\/p>\n<p style=\"text-align: justify;\"><strong>Longo prazo<\/strong><\/p>\n<p style=\"text-align: justify;\">A pr\u00f3pria natureza da previd\u00eancia, um produto essencialmente voltado para o longo prazo, explica o motivo para o baixo n\u00famero de saques. A diretora de previd\u00eancia e vida resgat\u00e1vel da Mapfre, Maristela Gorayb, afirma que o &#8220;timing&#8221; da previd\u00eancia \u00e9 diferente. &#8220;Se o investidor precisa sacar, opta por tirar de outros produtos primeiro, como os fundos de renda fixa voltados para curto e m\u00e9dio prazos&#8221;, diz.<\/p>\n<p style=\"text-align: justify;\">No curto prazo, especialistas n\u00e3o consideram os planos de previd\u00eancia a melhor op\u00e7\u00e3o. &#8220;Se voc\u00ea tem um objetivo de investir por menos de dez anos tem que fazer muita conta para ver se vale a pena&#8221;, diz Maristela. Benef\u00edcios como a al\u00edquota regressiva de Imposto de Renda, que chega a 10% depois de dez anos de aplica\u00e7\u00e3o, s\u00f3 s\u00e3o colhidos no longo prazo.<\/p>\n","protected":false},"excerpt":{"rendered":"<p>As mudan\u00e7as de regras na\u00a0Previd\u00eancia Social\u00a0fez o tema\u00a0aposentadoria ressurgir com for\u00e7a nos investimentos. Preocupados com o futuro incerto dos benef\u00edcios do\u00a0INSS, mais brasileiros passaram a aplicar em planos de\u00a0previd\u00eancia privada&#8230;.<\/p>\n","protected":false},"author":4,"featured_media":0,"comment_status":"closed","ping_status":"closed","sticky":false,"template":"","format":"standard","meta":{"footnotes":""},"categories":[31],"tags":[],"class_list":["post-8725","post","type-post","status-publish","format-standard","hentry","category-noticias"],"_links":{"self":[{"href":"https:\/\/jusprev.org.br\/backup\/wp-json\/wp\/v2\/posts\/8725","targetHints":{"allow":["GET"]}}],"collection":[{"href":"https:\/\/jusprev.org.br\/backup\/wp-json\/wp\/v2\/posts"}],"about":[{"href":"https:\/\/jusprev.org.br\/backup\/wp-json\/wp\/v2\/types\/post"}],"author":[{"embeddable":true,"href":"https:\/\/jusprev.org.br\/backup\/wp-json\/wp\/v2\/users\/4"}],"replies":[{"embeddable":true,"href":"https:\/\/jusprev.org.br\/backup\/wp-json\/wp\/v2\/comments?post=8725"}],"version-history":[{"count":0,"href":"https:\/\/jusprev.org.br\/backup\/wp-json\/wp\/v2\/posts\/8725\/revisions"}],"wp:attachment":[{"href":"https:\/\/jusprev.org.br\/backup\/wp-json\/wp\/v2\/media?parent=8725"}],"wp:term":[{"taxonomy":"category","embeddable":true,"href":"https:\/\/jusprev.org.br\/backup\/wp-json\/wp\/v2\/categories?post=8725"},{"taxonomy":"post_tag","embeddable":true,"href":"https:\/\/jusprev.org.br\/backup\/wp-json\/wp\/v2\/tags?post=8725"}],"curies":[{"name":"wp","href":"https:\/\/api.w.org\/{rel}","templated":true}]}}