{"id":8728,"date":"2015-11-04T11:52:32","date_gmt":"2015-11-04T13:52:32","guid":{"rendered":"https:\/\/jusprev.org.br\/backup\/?p=8728"},"modified":"2015-11-04T11:52:32","modified_gmt":"2015-11-04T13:52:32","slug":"seminario-o-desafio-da-gestao-de-investimentos-dos-fundos-de-pensao","status":"publish","type":"post","link":"https:\/\/jusprev.org.br\/backup\/seminario-o-desafio-da-gestao-de-investimentos-dos-fundos-de-pensao\/","title":{"rendered":"Semin\u00e1rio &#8211; O desafio da gest\u00e3o de Investimentos dos Fundos de Pens\u00e3o."},"content":{"rendered":"<div id=\"attachment_8731\" style=\"width: 310px\" class=\"wp-caption alignleft\"><a href=\"https:\/\/jusprev.org.br\/backup\/wp-content\/uploads\/2015\/11\/evento-2.jpg\"><img loading=\"lazy\" decoding=\"async\" aria-describedby=\"caption-attachment-8731\" class=\"wp-image-8731 size-medium\" src=\"https:\/\/jusprev.org.br\/backup\/wp-content\/uploads\/2015\/11\/evento-2-300x198.jpg\" alt=\"evento 2\" width=\"300\" height=\"198\" \/><\/a><p id=\"caption-attachment-8731\" class=\"wp-caption-text\">Dra. Myrian Layr Monteiro Pereira Lund \u2013 membro do Comit\u00ea de Investimentos e Allan Nogueira \u2013 Analista Econ\u00f4mico da JUSPREV.<\/p><\/div>\n<p style=\"text-align: justify;\">Nos dias 04 e 05 de novembro acontece, no Hotel Windsor Atl\u00e2ntica \u2013 Rio de Janeiro, o semin\u00e1rio \u2013 O desafio da gest\u00e3o de Investimentos dos Fundos de Pens\u00e3o. O evento que est\u00e1 reunindo Administradores Estatut\u00e1rios Tecnicamente Qualificados (AETQ), Membros de Comit\u00eas de Investimentos, Dirigentes, Conselheiros, Gerentes e T\u00e9cnicos dos Fundos de Pens\u00e3o, tem como principal objetivo discutir o cen\u00e1rio econ\u00f4mico e seus impactos na estrat\u00e9gia de aloca\u00e7\u00e3o de ativos frente aos compromissos previdenci\u00e1rios vis-\u00e0-vis a obten\u00e7\u00e3o de rentabilidade e a consequente avalia\u00e7\u00e3o das classes, incluindo investimentos alternativos e no exterior, al\u00e9m dos desafios particulares dos fundos de pens\u00e3o brasileiros no que se refere ao ambiente regulat\u00f3rio e fiscalizador, precifica\u00e7\u00e3o de ativos e gest\u00e3o de passivos.<\/p>\n<p style=\"text-align: justify;\">Representando a JUSPREV no evento, est\u00e3o a Dra. Myrian Layr Monteiro Pereira Lund \u2013 membro do Comit\u00ea de Investimentos e Allan Nogueira \u2013 Analista Econ\u00f4mico da JUSPREV.<\/p>\n<p style=\"text-align: justify;\">\n<p style=\"text-align: justify;\">\n","protected":false},"excerpt":{"rendered":"<p>Nos dias 04 e 05 de novembro acontece, no Hotel Windsor Atl\u00e2ntica \u2013 Rio de Janeiro, o semin\u00e1rio \u2013 O desafio da gest\u00e3o de Investimentos dos Fundos de Pens\u00e3o. O&#8230;<\/p>\n","protected":false},"author":4,"featured_media":0,"comment_status":"closed","ping_status":"closed","sticky":false,"template":"","format":"standard","meta":{"footnotes":""},"categories":[31],"tags":[],"class_list":["post-8728","post","type-post","status-publish","format-standard","hentry","category-noticias"],"_links":{"self":[{"href":"https:\/\/jusprev.org.br\/backup\/wp-json\/wp\/v2\/posts\/8728","targetHints":{"allow":["GET"]}}],"collection":[{"href":"https:\/\/jusprev.org.br\/backup\/wp-json\/wp\/v2\/posts"}],"about":[{"href":"https:\/\/jusprev.org.br\/backup\/wp-json\/wp\/v2\/types\/post"}],"author":[{"embeddable":true,"href":"https:\/\/jusprev.org.br\/backup\/wp-json\/wp\/v2\/users\/4"}],"replies":[{"embeddable":true,"href":"https:\/\/jusprev.org.br\/backup\/wp-json\/wp\/v2\/comments?post=8728"}],"version-history":[{"count":0,"href":"https:\/\/jusprev.org.br\/backup\/wp-json\/wp\/v2\/posts\/8728\/revisions"}],"wp:attachment":[{"href":"https:\/\/jusprev.org.br\/backup\/wp-json\/wp\/v2\/media?parent=8728"}],"wp:term":[{"taxonomy":"category","embeddable":true,"href":"https:\/\/jusprev.org.br\/backup\/wp-json\/wp\/v2\/categories?post=8728"},{"taxonomy":"post_tag","embeddable":true,"href":"https:\/\/jusprev.org.br\/backup\/wp-json\/wp\/v2\/tags?post=8728"}],"curies":[{"name":"wp","href":"https:\/\/api.w.org\/{rel}","templated":true}]}}