{"id":8734,"date":"2015-11-06T10:32:57","date_gmt":"2015-11-06T12:32:57","guid":{"rendered":"https:\/\/jusprev.org.br\/backup\/?p=8734"},"modified":"2015-11-06T10:32:57","modified_gmt":"2015-11-06T12:32:57","slug":"jusprev-esta-presente-no-xii-congresso-nacional-de-defensores-publicos","status":"publish","type":"post","link":"https:\/\/jusprev.org.br\/backup\/jusprev-esta-presente-no-xii-congresso-nacional-de-defensores-publicos\/","title":{"rendered":"JUSPREV est\u00e1 presente no XII Congresso Nacional de Defensores P\u00fablicos"},"content":{"rendered":"<div id=\"attachment_8736\" style=\"width: 310px\" class=\"wp-caption alignleft\"><a href=\"https:\/\/jusprev.org.br\/backup\/wp-content\/uploads\/2015\/11\/paola.jpg\"><img loading=\"lazy\" decoding=\"async\" aria-describedby=\"caption-attachment-8736\" class=\"wp-image-8736 size-medium\" src=\"https:\/\/jusprev.org.br\/backup\/wp-content\/uploads\/2015\/11\/paola-300x189.jpg\" alt=\"paola\" width=\"300\" height=\"189\" \/><\/a><p id=\"caption-attachment-8736\" class=\"wp-caption-text\">Paola Machado &#8211; Consultora Previdenci\u00e1ria da JUSPREV<\/p><\/div>\n<p style=\"text-align: justify;\">Come\u00e7ou na \u00faltima quarta-feira (04), na Faculdade de Direito da Universidade Positivo do Paran\u00e1 &#8211; Bloco da P\u00f3s Gradua\u00e7\u00e3o, o XII Congresso Nacional de Defensores P\u00fablicos. A JUSPREV est\u00e1 presente no evento oferecendo aos participantes atendimento exclusivo, atrav\u00e9s da sua Consultora Previdenci\u00e1ria \u2013 Paola Machado. No local \u00e9 poss\u00edvel esclarecer d\u00favidas sobre o plano previdenci\u00e1rio da JUSPREV, realizar simula\u00e7\u00f5es de aposentadoria, bem como esclarecer d\u00favidas pertinentes ao assunto.<\/p>\n<p style=\"text-align: justify;\">No dia 04, a Gerente Geral \u2013 Deborah Maggio realizou uma apresenta\u00e7\u00e3o do PLANJUS \u2013 Plano de Benef\u00edcios Previdenci\u00e1rios da JUSPREV aos participantes do congresso. A programa\u00e7\u00e3o do evento se estende at\u00e9 o pr\u00f3ximo s\u00e1bado (07).<\/p>\n","protected":false},"excerpt":{"rendered":"<p>Come\u00e7ou na \u00faltima quarta-feira (04), na Faculdade de Direito da Universidade Positivo do Paran\u00e1 &#8211; Bloco da P\u00f3s Gradua\u00e7\u00e3o, o XII Congresso Nacional de Defensores P\u00fablicos. A JUSPREV est\u00e1 presente&#8230;<\/p>\n","protected":false},"author":4,"featured_media":0,"comment_status":"closed","ping_status":"closed","sticky":false,"template":"","format":"standard","meta":{"footnotes":""},"categories":[31],"tags":[],"class_list":["post-8734","post","type-post","status-publish","format-standard","hentry","category-noticias"],"_links":{"self":[{"href":"https:\/\/jusprev.org.br\/backup\/wp-json\/wp\/v2\/posts\/8734","targetHints":{"allow":["GET"]}}],"collection":[{"href":"https:\/\/jusprev.org.br\/backup\/wp-json\/wp\/v2\/posts"}],"about":[{"href":"https:\/\/jusprev.org.br\/backup\/wp-json\/wp\/v2\/types\/post"}],"author":[{"embeddable":true,"href":"https:\/\/jusprev.org.br\/backup\/wp-json\/wp\/v2\/users\/4"}],"replies":[{"embeddable":true,"href":"https:\/\/jusprev.org.br\/backup\/wp-json\/wp\/v2\/comments?post=8734"}],"version-history":[{"count":0,"href":"https:\/\/jusprev.org.br\/backup\/wp-json\/wp\/v2\/posts\/8734\/revisions"}],"wp:attachment":[{"href":"https:\/\/jusprev.org.br\/backup\/wp-json\/wp\/v2\/media?parent=8734"}],"wp:term":[{"taxonomy":"category","embeddable":true,"href":"https:\/\/jusprev.org.br\/backup\/wp-json\/wp\/v2\/categories?post=8734"},{"taxonomy":"post_tag","embeddable":true,"href":"https:\/\/jusprev.org.br\/backup\/wp-json\/wp\/v2\/tags?post=8734"}],"curies":[{"name":"wp","href":"https:\/\/api.w.org\/{rel}","templated":true}]}}