{"id":8766,"date":"2015-11-24T11:58:46","date_gmt":"2015-11-24T13:58:46","guid":{"rendered":"https:\/\/jusprev.org.br\/backup\/?p=8766"},"modified":"2015-11-24T11:58:46","modified_gmt":"2015-11-24T13:58:46","slug":"12o-forum-perspectivas-de-investimentos","status":"publish","type":"post","link":"https:\/\/jusprev.org.br\/backup\/12o-forum-perspectivas-de-investimentos\/","title":{"rendered":"12\u00ba F\u00f3rum Perspectivas de Investimentos"},"content":{"rendered":"<p style=\"text-align: justify;\"><a href=\"https:\/\/jusprev.org.br\/backup\/wp-content\/uploads\/2015\/11\/Forum-Investidor-Institucional.jpg\"><img loading=\"lazy\" decoding=\"async\" class=\" wp-image-8767 size-medium alignleft\" src=\"https:\/\/jusprev.org.br\/backup\/wp-content\/uploads\/2015\/11\/Forum-Investidor-Institucional-234x300.jpg\" alt=\"Forum Investidor Institucional\" width=\"234\" height=\"300\" \/><\/a>A revista Investidor Institucional realizou hoje (24), no Transamerica Prime em Curitiba, o 12\u00ba F\u00f3rum &#8220;Perspectivas de Investimentos 2016&#8221;. O f\u00f3rum, j\u00e1 teve duas edi\u00e7\u00f5es realizadas em S\u00e3o Paulo e Bras\u00edlia e ainda acontecer\u00e1 no Rio de Janeiro e Recife. O evento tem como principal objetivo debater cen\u00e1rios e perspectivas de investimento para o pr\u00f3ximo ano.<\/p>\n<p style=\"text-align: justify;\">A JUSPREV est\u00e1 representada no evento em Curitiba, pelo Analista Econ\u00f4mico \u2013 Allan Nogueira e na edi\u00e7\u00e3o do Rio de Janeiro, que acontece amanh\u00e3 (25), pela Dra. Myrian Layr Monteiro Pereira Lund, membro do Comit\u00ea de Investimentos.<\/p>\n","protected":false},"excerpt":{"rendered":"<p>A revista Investidor Institucional realizou hoje (24), no Transamerica Prime em Curitiba, o 12\u00ba F\u00f3rum &#8220;Perspectivas de Investimentos 2016&#8221;. O f\u00f3rum, j\u00e1 teve duas edi\u00e7\u00f5es realizadas em S\u00e3o Paulo e&#8230;<\/p>\n","protected":false},"author":4,"featured_media":0,"comment_status":"closed","ping_status":"closed","sticky":false,"template":"","format":"standard","meta":{"footnotes":""},"categories":[31],"tags":[],"class_list":["post-8766","post","type-post","status-publish","format-standard","hentry","category-noticias"],"_links":{"self":[{"href":"https:\/\/jusprev.org.br\/backup\/wp-json\/wp\/v2\/posts\/8766","targetHints":{"allow":["GET"]}}],"collection":[{"href":"https:\/\/jusprev.org.br\/backup\/wp-json\/wp\/v2\/posts"}],"about":[{"href":"https:\/\/jusprev.org.br\/backup\/wp-json\/wp\/v2\/types\/post"}],"author":[{"embeddable":true,"href":"https:\/\/jusprev.org.br\/backup\/wp-json\/wp\/v2\/users\/4"}],"replies":[{"embeddable":true,"href":"https:\/\/jusprev.org.br\/backup\/wp-json\/wp\/v2\/comments?post=8766"}],"version-history":[{"count":0,"href":"https:\/\/jusprev.org.br\/backup\/wp-json\/wp\/v2\/posts\/8766\/revisions"}],"wp:attachment":[{"href":"https:\/\/jusprev.org.br\/backup\/wp-json\/wp\/v2\/media?parent=8766"}],"wp:term":[{"taxonomy":"category","embeddable":true,"href":"https:\/\/jusprev.org.br\/backup\/wp-json\/wp\/v2\/categories?post=8766"},{"taxonomy":"post_tag","embeddable":true,"href":"https:\/\/jusprev.org.br\/backup\/wp-json\/wp\/v2\/tags?post=8766"}],"curies":[{"name":"wp","href":"https:\/\/api.w.org\/{rel}","templated":true}]}}