{"id":8770,"date":"2015-12-07T16:22:01","date_gmt":"2015-12-07T18:22:01","guid":{"rendered":"https:\/\/jusprev.org.br\/backup\/?p=8770"},"modified":"2015-12-07T16:22:01","modified_gmt":"2015-12-07T18:22:01","slug":"expediente-jusprev-6","status":"publish","type":"post","link":"https:\/\/jusprev.org.br\/backup\/expediente-jusprev-6\/","title":{"rendered":"Expediente JUSPREV"},"content":{"rendered":"<p style=\"text-align: justify;\">A JUSPREV informa que, em virtude do Dia da Justi\u00e7a, estar\u00e1 fechada na ter\u00e7a-feira 08\/12\/2015. O expediente volta ao normal na quarta-feira, 09\/12\/2015, a partir das 9h.<\/p>\n","protected":false},"excerpt":{"rendered":"<p>A JUSPREV informa que, em virtude do Dia da Justi\u00e7a, estar\u00e1 fechada na ter\u00e7a-feira 08\/12\/2015. O expediente volta ao normal na quarta-feira, 09\/12\/2015, a partir das 9h.<\/p>\n","protected":false},"author":4,"featured_media":0,"comment_status":"closed","ping_status":"closed","sticky":false,"template":"","format":"standard","meta":{"footnotes":""},"categories":[31],"tags":[],"class_list":["post-8770","post","type-post","status-publish","format-standard","hentry","category-noticias"],"_links":{"self":[{"href":"https:\/\/jusprev.org.br\/backup\/wp-json\/wp\/v2\/posts\/8770","targetHints":{"allow":["GET"]}}],"collection":[{"href":"https:\/\/jusprev.org.br\/backup\/wp-json\/wp\/v2\/posts"}],"about":[{"href":"https:\/\/jusprev.org.br\/backup\/wp-json\/wp\/v2\/types\/post"}],"author":[{"embeddable":true,"href":"https:\/\/jusprev.org.br\/backup\/wp-json\/wp\/v2\/users\/4"}],"replies":[{"embeddable":true,"href":"https:\/\/jusprev.org.br\/backup\/wp-json\/wp\/v2\/comments?post=8770"}],"version-history":[{"count":0,"href":"https:\/\/jusprev.org.br\/backup\/wp-json\/wp\/v2\/posts\/8770\/revisions"}],"wp:attachment":[{"href":"https:\/\/jusprev.org.br\/backup\/wp-json\/wp\/v2\/media?parent=8770"}],"wp:term":[{"taxonomy":"category","embeddable":true,"href":"https:\/\/jusprev.org.br\/backup\/wp-json\/wp\/v2\/categories?post=8770"},{"taxonomy":"post_tag","embeddable":true,"href":"https:\/\/jusprev.org.br\/backup\/wp-json\/wp\/v2\/tags?post=8770"}],"curies":[{"name":"wp","href":"https:\/\/api.w.org\/{rel}","templated":true}]}}