{"id":8787,"date":"2015-12-16T12:00:44","date_gmt":"2015-12-16T14:00:44","guid":{"rendered":"https:\/\/jusprev.org.br\/backup\/?p=8787"},"modified":"2015-12-16T12:00:44","modified_gmt":"2015-12-16T14:00:44","slug":"jusprev-realiza-reuniao-dos-orgaos-colegiados-3","status":"publish","type":"post","link":"https:\/\/jusprev.org.br\/backup\/jusprev-realiza-reuniao-dos-orgaos-colegiados-3\/","title":{"rendered":"JUSPREV realiza reuni\u00e3o dos \u00d3rg\u00e3os Colegiados"},"content":{"rendered":"<p style=\"text-align: justify;\">Na ter\u00e7a-feira (15), integrantes do Col\u00e9gio de Instituidoras, do Conselho Deliberativo, Conselho Fiscal e Diretoria Executiva da JUSPREV estiveram reunidos, no audit\u00f3rio da Associa\u00e7\u00e3o Paranaense do Minist\u00e9rio P\u00fablico em Curitiba, para discuss\u00e3o e delibera\u00e7\u00e3o de assuntos de suas compet\u00eancias. A reuni\u00e3o foi presidida pelo Presidente do Conselho Deliberativo \u2013 Dr. Luiz Ant\u00f4nio Ferreira de Ara\u00fajo, e tamb\u00e9m compunham a mesa a Diretora-Presidente \u2013 Dra. Maria Tereza Uille Gomes, o Diretor Administrativo Financeiro \u2013 Dr. Jair Eduardo Santana, Diretor Jur\u00eddico e de Benef\u00edcios \u2013 Dr. Hercules Maia Kotsifas e Dra. Raquel Elias Ferreira Dodge.<\/p>\n<p style=\"text-align: justify;\">Na ocasi\u00e3o foram aprovadas, por parte dos \u00d3rg\u00e3os Colegiados, as respectivas atas das reuni\u00f5es realizadas em 31 de agosto. O ponto forte da reuni\u00e3o foi a explana\u00e7\u00e3o sobre o fundo JUSPREV e as expectativas e estrat\u00e9gias para 2016 \u00a0apresentadas pela BRAM \u2013 Bradesco Asset Management, DLM Invista Asset Management e SulAm\u00e9rica Investimentos. Logo ap\u00f3s, a Aditus Consultoria Financeira, explanou sobre os riscos de investimentos e das estrat\u00e9gias dos gestores, e tamb\u00e9m apresentou o relat\u00f3rio de acompanhamento da Pol\u00edtica de Investimentos referente ao 3\u00b0 trimestre e as pol\u00edticas de investimentos para o exerc\u00edcio de 2016 \u2013 PLANJUS e PGA.<\/p>\n<p style=\"text-align: justify;\">Os demais assuntos discutidos foram o plano de custeio e or\u00e7amento anual para o exerc\u00edcio de 2016, altera\u00e7\u00f5es no Regulamento do PLANJUS e apresenta\u00e7\u00e3o do BI para gest\u00e3o da informa\u00e7\u00e3o dos Fundos de Pens\u00e3o.<\/p>\n<p style=\"text-align: justify;\"><a href=\"https:\/\/jusprev.org.br\/backup\/wp-content\/uploads\/2015\/12\/reuni\u00e3o-1.jpg\"><img loading=\"lazy\" decoding=\"async\" class=\" wp-image-8788 size-medium alignnone\" src=\"https:\/\/jusprev.org.br\/backup\/wp-content\/uploads\/2015\/12\/reuni\u00e3o-1-300x169.jpg\" alt=\"reuni\u00e3o 1\" width=\"300\" height=\"169\" \/><\/a>\u00a0<a href=\"https:\/\/jusprev.org.br\/backup\/wp-content\/uploads\/2015\/12\/reuni\u00e3o-2.jpg\"><img loading=\"lazy\" decoding=\"async\" class=\" wp-image-8789 size-medium alignnone\" src=\"https:\/\/jusprev.org.br\/backup\/wp-content\/uploads\/2015\/12\/reuni\u00e3o-2-300x169.jpg\" alt=\"reuni\u00e3o 2\" width=\"300\" height=\"169\" \/><\/a><\/p>\n<p style=\"text-align: justify;\"><a href=\"https:\/\/jusprev.org.br\/backup\/wp-content\/uploads\/2015\/12\/reuni\u00e3o-3.jpg\"><img loading=\"lazy\" decoding=\"async\" class=\" wp-image-8790 size-medium alignnone\" src=\"https:\/\/jusprev.org.br\/backup\/wp-content\/uploads\/2015\/12\/reuni\u00e3o-3-300x169.jpg\" alt=\"reuni\u00e3o 3\" width=\"300\" height=\"169\" \/><\/a>\u00a0<a href=\"https:\/\/jusprev.org.br\/backup\/wp-content\/uploads\/2015\/12\/reuni\u00e3o-4.jpg\"><img loading=\"lazy\" decoding=\"async\" class=\" wp-image-8791 size-medium alignnone\" src=\"https:\/\/jusprev.org.br\/backup\/wp-content\/uploads\/2015\/12\/reuni\u00e3o-4-300x169.jpg\" alt=\"reuni\u00e3o 4\" width=\"300\" height=\"169\" \/><\/a><\/p>\n","protected":false},"excerpt":{"rendered":"<p>Na ter\u00e7a-feira (15), integrantes do Col\u00e9gio de Instituidoras, do Conselho Deliberativo, Conselho Fiscal e Diretoria Executiva da JUSPREV estiveram reunidos, no audit\u00f3rio da Associa\u00e7\u00e3o Paranaense do Minist\u00e9rio P\u00fablico em Curitiba,&#8230;<\/p>\n","protected":false},"author":4,"featured_media":0,"comment_status":"closed","ping_status":"closed","sticky":false,"template":"","format":"standard","meta":{"footnotes":""},"categories":[31],"tags":[],"class_list":["post-8787","post","type-post","status-publish","format-standard","hentry","category-noticias"],"_links":{"self":[{"href":"https:\/\/jusprev.org.br\/backup\/wp-json\/wp\/v2\/posts\/8787","targetHints":{"allow":["GET"]}}],"collection":[{"href":"https:\/\/jusprev.org.br\/backup\/wp-json\/wp\/v2\/posts"}],"about":[{"href":"https:\/\/jusprev.org.br\/backup\/wp-json\/wp\/v2\/types\/post"}],"author":[{"embeddable":true,"href":"https:\/\/jusprev.org.br\/backup\/wp-json\/wp\/v2\/users\/4"}],"replies":[{"embeddable":true,"href":"https:\/\/jusprev.org.br\/backup\/wp-json\/wp\/v2\/comments?post=8787"}],"version-history":[{"count":0,"href":"https:\/\/jusprev.org.br\/backup\/wp-json\/wp\/v2\/posts\/8787\/revisions"}],"wp:attachment":[{"href":"https:\/\/jusprev.org.br\/backup\/wp-json\/wp\/v2\/media?parent=8787"}],"wp:term":[{"taxonomy":"category","embeddable":true,"href":"https:\/\/jusprev.org.br\/backup\/wp-json\/wp\/v2\/categories?post=8787"},{"taxonomy":"post_tag","embeddable":true,"href":"https:\/\/jusprev.org.br\/backup\/wp-json\/wp\/v2\/tags?post=8787"}],"curies":[{"name":"wp","href":"https:\/\/api.w.org\/{rel}","templated":true}]}}