{"id":8806,"date":"2015-12-21T12:37:05","date_gmt":"2015-12-21T14:37:05","guid":{"rendered":"https:\/\/jusprev.org.br\/backup\/?p=8806"},"modified":"2015-12-21T12:37:05","modified_gmt":"2015-12-21T14:37:05","slug":"expediente-de-final-de-ano-2","status":"publish","type":"post","link":"https:\/\/jusprev.org.br\/backup\/expediente-de-final-de-ano-2\/","title":{"rendered":"Expediente de final de ano"},"content":{"rendered":"<p><em><\/em>A\u00a0JUSPREV comunica que n\u00e3o haver\u00e1 expediente nos dias <b>24, 25\u00a0<\/b>e <b>31 de dezembro de 2015<\/b>\u00a0e <b>01 de janeiro de 2016<\/b>, em virtude \u00e0s festividades de fim de ano.<\/p>\n<p>No dia 04 de janeiro todos os servi\u00e7os voltar\u00e3o a normalidade durante expediente de 9h \u00e0s 18h.<\/p>\n<p>Desejamos a todos um Feliz Natal e um \u00f3timo 2016!<\/p>\n","protected":false},"excerpt":{"rendered":"<p>A\u00a0JUSPREV comunica que n\u00e3o haver\u00e1 expediente nos dias 24, 25\u00a0e 31 de dezembro de 2015\u00a0e 01 de janeiro de 2016, em virtude \u00e0s festividades de fim de ano. No dia&#8230;<\/p>\n","protected":false},"author":4,"featured_media":0,"comment_status":"closed","ping_status":"closed","sticky":false,"template":"","format":"standard","meta":{"footnotes":""},"categories":[31],"tags":[],"class_list":["post-8806","post","type-post","status-publish","format-standard","hentry","category-noticias"],"_links":{"self":[{"href":"https:\/\/jusprev.org.br\/backup\/wp-json\/wp\/v2\/posts\/8806","targetHints":{"allow":["GET"]}}],"collection":[{"href":"https:\/\/jusprev.org.br\/backup\/wp-json\/wp\/v2\/posts"}],"about":[{"href":"https:\/\/jusprev.org.br\/backup\/wp-json\/wp\/v2\/types\/post"}],"author":[{"embeddable":true,"href":"https:\/\/jusprev.org.br\/backup\/wp-json\/wp\/v2\/users\/4"}],"replies":[{"embeddable":true,"href":"https:\/\/jusprev.org.br\/backup\/wp-json\/wp\/v2\/comments?post=8806"}],"version-history":[{"count":0,"href":"https:\/\/jusprev.org.br\/backup\/wp-json\/wp\/v2\/posts\/8806\/revisions"}],"wp:attachment":[{"href":"https:\/\/jusprev.org.br\/backup\/wp-json\/wp\/v2\/media?parent=8806"}],"wp:term":[{"taxonomy":"category","embeddable":true,"href":"https:\/\/jusprev.org.br\/backup\/wp-json\/wp\/v2\/categories?post=8806"},{"taxonomy":"post_tag","embeddable":true,"href":"https:\/\/jusprev.org.br\/backup\/wp-json\/wp\/v2\/tags?post=8806"}],"curies":[{"name":"wp","href":"https:\/\/api.w.org\/{rel}","templated":true}]}}