{"id":8850,"date":"2016-01-25T09:50:57","date_gmt":"2016-01-25T11:50:57","guid":{"rendered":"https:\/\/jusprev.org.br\/backup\/?p=8850"},"modified":"2016-01-25T09:50:57","modified_gmt":"2016-01-25T11:50:57","slug":"24-de-janeiro-dia-nacional-do-aposentado","status":"publish","type":"post","link":"https:\/\/jusprev.org.br\/backup\/24-de-janeiro-dia-nacional-do-aposentado\/","title":{"rendered":"24 de janeiro &#8211; Dia Nacional do Aposentado"},"content":{"rendered":"<p style=\"text-align: justify;\">Dia 24 de janeiro \u00e9 comemorado o Dia do Aposentado e a lembran\u00e7a da data pode suscitar sentimentos distintos. Por um lado, o avan\u00e7o da idade e as limita\u00e7\u00f5es que ele traz s\u00e3o agravados com aumento de despesas, redu\u00e7\u00e3o de receita e ac\u00famulo de fun\u00e7\u00f5es na fam\u00edlia. Por outro, quem consegue se organizar financeiramente \u2013 em especial se come\u00e7ou a fazer isso ainda na ativa \u2013 pode aliviar o peso do passar do tempo com atividades antes invi\u00e1veis.<\/p>\n<p style=\"text-align: justify;\">O \u00cdndice de Pre\u00e7os ao Consumidor da Terceira Idade (IPC-3i), medido pela Funda\u00e7\u00e3o Get\u00falio Vargas (FGV), prova o que os idosos sentem no bolso: a vida \u00e9 mais cara para eles. De acordo com os dados do fechamento de 2015, a infla\u00e7\u00e3o dos \u00faltimos 12 meses para quem tem mais de 60 anos foi de 11,13%, enquanto a taxa geral foi de 10,53%. O economista da FGV Andr\u00e9 Braz explica que h\u00e1 aumento de consumo de v\u00e1rios produtos e servi\u00e7os pela popula\u00e7\u00e3o quando se torna idosa. Enquanto jovens e adultos passam o dia fora de casa, sem gastar energia e \u00e1gua das pr\u00f3prias resid\u00eancias, por exemplo, os aposentados passam mais tempo em casa, consumindo esses recursos. \u201cQuando os pre\u00e7os desses servi\u00e7os sobem, pressionam mais o custo de vida dos mais velhos. O mesmo acontece com servi\u00e7os de sa\u00fade. \u00c0 medida que envelhecemos, passamos a destinar um percentual maior de nossos rendimentos com medicamentos e m\u00e9dicos\u201d, analisa.<\/p>\n<p style=\"text-align: justify;\">O auditor aposentado Ant\u00f4nio da Mota Silveira, 79 anos, sabia que isso ia acontecer. Mas, para ele, a adapta\u00e7\u00e3o n\u00e3o foi traum\u00e1tica porque, na verdade, come\u00e7ou muito cedo. \u201cN\u00e3o gasto mais do que devo e fa\u00e7o uma reserva para qualquer eventualidade. Na fam\u00edlia, a gente soma a renda e v\u00ea o que pode ser gasto. Desde a juventude fa\u00e7o isso\u201d, conta Seu Mota, como \u00e9 mais conhecido. \u201cEu sei que pra quem ganha um sal\u00e1rio m\u00ednimo \u00e9 muito dif\u00edcil, mas para quem \u00e9 de classe m\u00e9dia \u00e9 perfeitamente poss\u00edvel.\u201d Pouco antes de se aposentar, ele n\u00e3o pensava s\u00f3 na programa\u00e7\u00e3o financeira. \u201cEu tive que pensar no que eu ia fazer. O maior mal de uma pessoa que se aposenta \u00e9 ficar em casa sem fazer nada\u201d, comenta.<\/p>\n<p style=\"text-align: justify;\">\u00c9 tanto que ele n\u00e3o para. Entre as atividades, est\u00e3o servi\u00e7os volunt\u00e1rios em uma institui\u00e7\u00e3o beneficente, esculturas em argila e bonsais. \u201cQuando eu estava na ativa aproveitava a vida, mas n\u00e3o tanto devido a todas as preocupa\u00e7\u00f5es que temos no dia a dia. Hoje estou programado para usufruir de modo muito melhor do que quando trabalhava\u201d, avalia. Seu Mota tem uma receita ainda mais did\u00e1tica: \u201cVoc\u00ea tem casa na praia, casa no interior, s\u00edtio\u2026 voc\u00ea usufrui? Se n\u00e3o, venda e invista na sua vida\u201d.<\/p>\n<p style=\"text-align: justify;\">Educador financeiro do SPC Brasil, Jos\u00e9 Vignoli destaca que estrat\u00e9gias como a de Seu Mota est\u00e3o entre as melhores para manter as contas em dia na aposentadoria. \u201cA primeira coisa a fazer \u00e9 reavaliar os h\u00e1bitos, especialmente se a pessoa n\u00e3o se programou para se encaixar nessa nova realidade\u201d, acrescenta. Ele destaca que os idosos atualmente t\u00eam tanta ou mais facilidade de acesso ao cr\u00e9dito que os jovens e s\u00e3o igualmente alvo de apelos consumistas. O que aumenta a import\u00e2ncia de cortar maus costumes financeiros e adquirir novos, mais saud\u00e1veis, como saber exatamente o que se gasta. \u201cN\u00e3o precisa ser um controle sofisticado, pode ser um caderno de anota\u00e7\u00f5es\u201d, ensina.<\/p>\n<p style=\"text-align: justify;\">Outro cuidado trata de uma quest\u00e3o delicada: \u201cN\u00e3o assuma gastos que n\u00e3o s\u00e3o seus. Sei que \u00e9 uma quest\u00e3o dif\u00edcil, mas que temos a miss\u00e3o de abordar\u201d, explica Vignoli. \u201cMuitos aposentados acabam se mantendo como arrimos de fam\u00edlia quando deveriam estar aproveitando a aposentadoria\u201d, complementa.<\/p>\n","protected":false},"excerpt":{"rendered":"<p>Dia 24 de janeiro \u00e9 comemorado o Dia do Aposentado e a lembran\u00e7a da data pode suscitar sentimentos distintos. Por um lado, o avan\u00e7o da idade e as limita\u00e7\u00f5es que&#8230;<\/p>\n","protected":false},"author":4,"featured_media":0,"comment_status":"closed","ping_status":"closed","sticky":false,"template":"","format":"standard","meta":{"footnotes":""},"categories":[31],"tags":[],"class_list":["post-8850","post","type-post","status-publish","format-standard","hentry","category-noticias"],"_links":{"self":[{"href":"https:\/\/jusprev.org.br\/backup\/wp-json\/wp\/v2\/posts\/8850","targetHints":{"allow":["GET"]}}],"collection":[{"href":"https:\/\/jusprev.org.br\/backup\/wp-json\/wp\/v2\/posts"}],"about":[{"href":"https:\/\/jusprev.org.br\/backup\/wp-json\/wp\/v2\/types\/post"}],"author":[{"embeddable":true,"href":"https:\/\/jusprev.org.br\/backup\/wp-json\/wp\/v2\/users\/4"}],"replies":[{"embeddable":true,"href":"https:\/\/jusprev.org.br\/backup\/wp-json\/wp\/v2\/comments?post=8850"}],"version-history":[{"count":0,"href":"https:\/\/jusprev.org.br\/backup\/wp-json\/wp\/v2\/posts\/8850\/revisions"}],"wp:attachment":[{"href":"https:\/\/jusprev.org.br\/backup\/wp-json\/wp\/v2\/media?parent=8850"}],"wp:term":[{"taxonomy":"category","embeddable":true,"href":"https:\/\/jusprev.org.br\/backup\/wp-json\/wp\/v2\/categories?post=8850"},{"taxonomy":"post_tag","embeddable":true,"href":"https:\/\/jusprev.org.br\/backup\/wp-json\/wp\/v2\/tags?post=8850"}],"curies":[{"name":"wp","href":"https:\/\/api.w.org\/{rel}","templated":true}]}}