{"id":8873,"date":"2016-02-19T11:17:41","date_gmt":"2016-02-19T13:17:41","guid":{"rendered":"https:\/\/jusprev.org.br\/backup\/?p=8873"},"modified":"2016-02-19T11:17:41","modified_gmt":"2016-02-19T13:17:41","slug":"jusprev-realiza-treinamento-na-apmp-associacao-paulista-do-ministerio-publico","status":"publish","type":"post","link":"https:\/\/jusprev.org.br\/backup\/jusprev-realiza-treinamento-na-apmp-associacao-paulista-do-ministerio-publico\/","title":{"rendered":"JUSPREV realiza treinamento na APMP \u2013 Associa\u00e7\u00e3o Paulista do Minist\u00e9rio P\u00fablico"},"content":{"rendered":"<p style=\"text-align: justify;\"><a href=\"https:\/\/jusprev.org.br\/backup\/wp-content\/uploads\/2016\/02\/foto-2.jpg\" rel=\"attachment wp-att-8875\"><img loading=\"lazy\" decoding=\"async\" class=\"wp-image-8875 size-medium alignleft\" src=\"https:\/\/jusprev.org.br\/backup\/wp-content\/uploads\/2016\/02\/foto-2-300x169.jpg\" alt=\"foto 2\" width=\"300\" height=\"169\" \/><\/a>Entre os dias 15 e 18 de fevereiro, a JUSPREV realizou o Treinamento para Capacita\u00e7\u00e3o de Funcion\u00e1rios e Diretores das Associa\u00e7\u00f5es Instituidoras, na Associa\u00e7\u00e3o Paulista do Minist\u00e9rio P\u00fablico, em S\u00e3o Paulo. O treinamento teve como principal objetivo o aprendizado de assuntos relacionados \u00e0 previd\u00eancia complementar fechada, visando a melhoria da qualidade no atendimento aos associados da Instituidora que se interessarem na ades\u00e3o ao PLANJUS &#8211; Plano de Benef\u00edcios Previdenci\u00e1rios institu\u00eddo exclusivamente para a classe.<\/p>\n<p style=\"text-align: justify;\">O treinamento foi dividido em dois m\u00f3dulos, o Institucional ministrado pela Gerente Geral \u2013 Deborah Traldi Maggio e o Operacional conduzido pela Coordenadora de Relacionamento \u2013 Glaucia Mur\u00e7a. Participaram do treinamento colaboradores da Associa\u00e7\u00e3o Paulista do Minist\u00e9rio P\u00fablico e da Siena Corretora de Seguros.<\/p>\n","protected":false},"excerpt":{"rendered":"<p>Entre os dias 15 e 18 de fevereiro, a JUSPREV realizou o Treinamento para Capacita\u00e7\u00e3o de Funcion\u00e1rios e Diretores das Associa\u00e7\u00f5es Instituidoras, na Associa\u00e7\u00e3o Paulista do Minist\u00e9rio P\u00fablico, em S\u00e3o&#8230;<\/p>\n","protected":false},"author":4,"featured_media":0,"comment_status":"closed","ping_status":"closed","sticky":false,"template":"","format":"standard","meta":{"footnotes":""},"categories":[31],"tags":[],"class_list":["post-8873","post","type-post","status-publish","format-standard","hentry","category-noticias"],"_links":{"self":[{"href":"https:\/\/jusprev.org.br\/backup\/wp-json\/wp\/v2\/posts\/8873","targetHints":{"allow":["GET"]}}],"collection":[{"href":"https:\/\/jusprev.org.br\/backup\/wp-json\/wp\/v2\/posts"}],"about":[{"href":"https:\/\/jusprev.org.br\/backup\/wp-json\/wp\/v2\/types\/post"}],"author":[{"embeddable":true,"href":"https:\/\/jusprev.org.br\/backup\/wp-json\/wp\/v2\/users\/4"}],"replies":[{"embeddable":true,"href":"https:\/\/jusprev.org.br\/backup\/wp-json\/wp\/v2\/comments?post=8873"}],"version-history":[{"count":0,"href":"https:\/\/jusprev.org.br\/backup\/wp-json\/wp\/v2\/posts\/8873\/revisions"}],"wp:attachment":[{"href":"https:\/\/jusprev.org.br\/backup\/wp-json\/wp\/v2\/media?parent=8873"}],"wp:term":[{"taxonomy":"category","embeddable":true,"href":"https:\/\/jusprev.org.br\/backup\/wp-json\/wp\/v2\/categories?post=8873"},{"taxonomy":"post_tag","embeddable":true,"href":"https:\/\/jusprev.org.br\/backup\/wp-json\/wp\/v2\/tags?post=8873"}],"curies":[{"name":"wp","href":"https:\/\/api.w.org\/{rel}","templated":true}]}}