{"id":8921,"date":"2016-03-22T16:15:59","date_gmt":"2016-03-22T19:15:59","guid":{"rendered":"https:\/\/jusprev.org.br\/backup\/?p=8921"},"modified":"2016-03-22T16:15:59","modified_gmt":"2016-03-22T19:15:59","slug":"jusprev-realiza-reuniao-dos-orgaos-colegiados-na-sede-da-amperj","status":"publish","type":"post","link":"https:\/\/jusprev.org.br\/backup\/jusprev-realiza-reuniao-dos-orgaos-colegiados-na-sede-da-amperj\/","title":{"rendered":"JUSPREV realiza reuni\u00e3o dos \u00d3rg\u00e3os Colegiados na sede da AMPERJ"},"content":{"rendered":"<p style=\"text-align: justify;\">Na sexta-feira (18), integrantes do Col\u00e9gio de Instituidoras, do Conselho Deliberativo, Conselho Fiscal e Diretoria Executiva da JUSPREV estiveram reunidos, no audit\u00f3rio da Associa\u00e7\u00e3o do Minist\u00e9rio P\u00fablico do Estado do Rio de Janeiro (AMPERJ), para discuss\u00e3o e delibera\u00e7\u00e3o de assuntos de suas compet\u00eancias. A reuni\u00e3o foi presidida pelo Presidente do Conselho Deliberativo \u2013 Dr. Luiz Ant\u00f4nio Ferreira de Ara\u00fajo, e ta<span class=\"text_exposed_show\">mb\u00e9m compunham a mesa a Diretora-Presidente \u2013 Dra. Maria Tereza Uille Gomes, o Diretor Administrativo Financeiro \u2013 Dr. Jair Eduardo Santana, Diretor Jur\u00eddico e de Benef\u00edcios \u2013 Dr. Hercules Maia Kotsifas, o presidente do Conselho Fiscal &#8211; Dr. J\u00falio Cesar Zem Cardoso, Dr. D\u00e9cio Bruno Lopes representando o presidente do Col\u00e9gio de Instituidoras e o anfitri\u00e3o Dr. Luciano Mattos \u2013 presidente da Associa\u00e7\u00e3o do Minist\u00e9rio P\u00fablico do Estado do Rio de Janeiro.<\/span><\/p>\n<div class=\"text_exposed_show\">\n<p style=\"text-align: justify;\">Na ocasi\u00e3o foram aprovadas, por parte dos \u00d3rg\u00e3os Colegiados, as respectivas atas das reuni\u00f5es realizadas em 15 de dezembro de 2015. O ponto forte da reuni\u00e3o foi a explana\u00e7\u00e3o sobre o fundo JUSPREV e a apresenta\u00e7\u00e3o da rentabilidade consolidada de 2015, do 1\u00b0 bimestre de 2016 e do relat\u00f3rio de acompanhamento da Pol\u00edtica de Investimentos referente ao 4\u00b0 trimestre de 2015, realizada pela Aditus Consultoria Financeira. Logo ap\u00f3s, aprovou-se o parecer emitido pelo Conselho Fiscal e manifesta\u00e7\u00e3o do Conselho Deliberativo sobre as demonstra\u00e7\u00f5es cont\u00e1beis, parecer atuarial e do balan\u00e7o referentes ao per\u00edodo de 2015.<\/p>\n<p style=\"text-align: justify;\">Os demais assuntos foram a apresenta\u00e7\u00e3o do Demonstrativo de Avalia\u00e7\u00e3o Atuarial \u2013 DA, emitido pela Data A Consultoria, revis\u00e3o do or\u00e7amento de 2016 e altera\u00e7\u00f5es no Regulamento do PLANJUS. A reuni\u00e3o teve seu encerramento marcado pela escolha do Vice-Presidente do Col\u00e9gio de Instituidoras, Dr. Luciano Mattos da AMPERJ, bem como do Dr. F\u00e1bio Munhoz Soares, da APAMAGIS, como novo membro suplente do Conselho Fiscal.<\/p>\n<p style=\"text-align: justify;\"><a href=\"https:\/\/jusprev.org.br\/backup\/wp-content\/uploads\/2016\/03\/Jusprev_foto-Luiz-Jesus-2.jpg\" rel=\"attachment wp-att-8927\"><img loading=\"lazy\" decoding=\"async\" class=\"alignnone wp-image-8927 size-medium\" src=\"https:\/\/jusprev.org.br\/backup\/wp-content\/uploads\/2016\/03\/Jusprev_foto-Luiz-Jesus-2-300x199.jpg\" alt=\"Jusprev_foto Luiz Jesus (2)\" width=\"300\" height=\"199\" \/><\/a> <a href=\"https:\/\/jusprev.org.br\/backup\/wp-content\/uploads\/2016\/03\/Jusprev_foto-Luiz-Jesus-31.jpg\" rel=\"attachment wp-att-8928\"><img loading=\"lazy\" decoding=\"async\" class=\"alignnone wp-image-8928 size-medium\" src=\"https:\/\/jusprev.org.br\/backup\/wp-content\/uploads\/2016\/03\/Jusprev_foto-Luiz-Jesus-31-300x199.jpg\" alt=\"Jusprev_foto Luiz Jesus (31)\" width=\"300\" height=\"199\" \/><\/a> <a href=\"https:\/\/jusprev.org.br\/backup\/wp-content\/uploads\/2016\/03\/Jusprev_foto-Luiz-Jesus-37.jpg\" rel=\"attachment wp-att-8929\"><img loading=\"lazy\" decoding=\"async\" class=\"alignnone wp-image-8929 size-medium\" src=\"https:\/\/jusprev.org.br\/backup\/wp-content\/uploads\/2016\/03\/Jusprev_foto-Luiz-Jesus-37-300x199.jpg\" alt=\"Jusprev_foto Luiz Jesus (37)\" width=\"300\" height=\"199\" \/><\/a> <a href=\"https:\/\/jusprev.org.br\/backup\/wp-content\/uploads\/2016\/03\/Jusprev_foto-Luiz-Jesus-48.jpg\" rel=\"attachment wp-att-8930\"><img loading=\"lazy\" decoding=\"async\" class=\"alignnone wp-image-8930 size-medium\" src=\"https:\/\/jusprev.org.br\/backup\/wp-content\/uploads\/2016\/03\/Jusprev_foto-Luiz-Jesus-48-300x199.jpg\" alt=\"Jusprev_foto Luiz Jesus (48)\" width=\"300\" height=\"199\" \/><\/a><\/p>\n<p style=\"text-align: justify;\">Imagens: Luiz Jesus &#8211; AMPERJ<\/p>\n<\/div>\n","protected":false},"excerpt":{"rendered":"<p>Na sexta-feira (18), integrantes do Col\u00e9gio de Instituidoras, do Conselho Deliberativo, Conselho Fiscal e Diretoria Executiva da JUSPREV estiveram reunidos, no audit\u00f3rio da Associa\u00e7\u00e3o do Minist\u00e9rio P\u00fablico do Estado do&#8230;<\/p>\n","protected":false},"author":4,"featured_media":0,"comment_status":"closed","ping_status":"closed","sticky":false,"template":"","format":"standard","meta":{"footnotes":""},"categories":[31],"tags":[],"class_list":["post-8921","post","type-post","status-publish","format-standard","hentry","category-noticias"],"_links":{"self":[{"href":"https:\/\/jusprev.org.br\/backup\/wp-json\/wp\/v2\/posts\/8921","targetHints":{"allow":["GET"]}}],"collection":[{"href":"https:\/\/jusprev.org.br\/backup\/wp-json\/wp\/v2\/posts"}],"about":[{"href":"https:\/\/jusprev.org.br\/backup\/wp-json\/wp\/v2\/types\/post"}],"author":[{"embeddable":true,"href":"https:\/\/jusprev.org.br\/backup\/wp-json\/wp\/v2\/users\/4"}],"replies":[{"embeddable":true,"href":"https:\/\/jusprev.org.br\/backup\/wp-json\/wp\/v2\/comments?post=8921"}],"version-history":[{"count":0,"href":"https:\/\/jusprev.org.br\/backup\/wp-json\/wp\/v2\/posts\/8921\/revisions"}],"wp:attachment":[{"href":"https:\/\/jusprev.org.br\/backup\/wp-json\/wp\/v2\/media?parent=8921"}],"wp:term":[{"taxonomy":"category","embeddable":true,"href":"https:\/\/jusprev.org.br\/backup\/wp-json\/wp\/v2\/categories?post=8921"},{"taxonomy":"post_tag","embeddable":true,"href":"https:\/\/jusprev.org.br\/backup\/wp-json\/wp\/v2\/tags?post=8921"}],"curies":[{"name":"wp","href":"https:\/\/api.w.org\/{rel}","templated":true}]}}