{"id":8938,"date":"2016-04-01T17:15:50","date_gmt":"2016-04-01T20:15:50","guid":{"rendered":"https:\/\/jusprev.org.br\/backup\/?p=8938"},"modified":"2016-04-01T17:15:50","modified_gmt":"2016-04-01T20:15:50","slug":"geracao-perdida-jovens-nao-investem-e-correm-risco-na-aposentadoria","status":"publish","type":"post","link":"https:\/\/jusprev.org.br\/backup\/geracao-perdida-jovens-nao-investem-e-correm-risco-na-aposentadoria\/","title":{"rendered":"Gera\u00e7\u00e3o perdida? Jovens n\u00e3o investem e correm risco na aposentadoria"},"content":{"rendered":"<p class=\"canvas-text Mb(1.0em) Mb(0)--sm Mt(0.8em)--sm canvas-atom\" style=\"text-align: justify;\" data-type=\"text\" data-reactid=\".dor65bdp8g.$0.0.0.2.5.0.0.$Col1-0-ContentCanvasProxy.$Col1-0-ContentCanvas.0.4.0:$0\">Um estudo realizado pela BNY Mellon, especializada em gest\u00e3o de investimentos e servi\u00e7os a investidores, em parceria com uma equipe de estudantes da Universidade de Cambridge, nos Estados Unidos, mostrou que mais de 60% dos brasileiros da Gera\u00e7\u00e3o Y n\u00e3o recebem informa\u00e7\u00f5es financeiras das empresas em que trabalham ou de institui\u00e7\u00f5es de ensino. Essa car\u00eancia de conhecimento financeiro faz com que o jovem investidor n\u00e3o invista de forma adequada e ainda, coloque em risco sua aposentadoria.<\/p>\n<p class=\"canvas-text Mb(1.0em) Mb(0)--sm Mt(0.8em)--sm canvas-atom\" style=\"text-align: justify;\" data-type=\"text\" data-reactid=\".dor65bdp8g.$0.0.0.2.5.0.0.$Col1-0-ContentCanvasProxy.$Col1-0-ContentCanvas.0.4.0:$1\">A pesquisa, intitulada \u201cGera\u00e7\u00e3o Perdida: Motivando a Gera\u00e7\u00e3o Y a fazer investimentos para a aposentadoria\u201d, visou mapear o conhecimento desta gera\u00e7\u00e3o acerca das op\u00e7\u00f5es financeiras que lhes s\u00e3o dispon\u00edveis; suas necessidades educacionais e de produtos; e suas atitudes com rela\u00e7\u00e3o a finan\u00e7as pessoais. Ao todo foram entrevistados 1.253 membros da Gera\u00e7\u00e3o Y (nascidos entre 1980 e a virada do s\u00e9culo) de seis mercados-chave: Austr\u00e1lia, Brasil, Holanda, Jap\u00e3o, Reino Unido e Estados Unidos.<\/p>\n<p class=\"canvas-text Mb(1.0em) Mb(0)--sm Mt(0.8em)--sm canvas-atom\" style=\"text-align: justify;\" data-type=\"text\" data-reactid=\".dor65bdp8g.$0.0.0.2.5.0.0.$Col1-0-ContentCanvasProxy.$Col1-0-ContentCanvas.0.4.0:$2\">Os pesquisadores descobriram que muitos Millennials, como tamb\u00e9m s\u00e3o chamados, est\u00e3o se deparando com uma aposentadoria menos confort\u00e1vel do que seus pais e av\u00f3s, devido aos cen\u00e1rios demogr\u00e1fico, pol\u00edtico e macroecon\u00f4mico atuais. Mesmo assim, a falta de conhecimento sobre quest\u00f5es financeiras, que parece ser resultado tanto da falta de instru\u00e7\u00e3o como de interesse, faz com que muitos n\u00e3o estejam cientes do futuro e n\u00e3o se preocupem em investir. \u201cJovens precisam ser regularmente contatados por meio de m\u00faltiplos canais, se a inten\u00e7\u00e3o \u00e9 prepar\u00e1-los para lidar com os desafios que devem enfrentar e garantir a sua pr\u00f3pria aposentadoria\u201d, diz Sadia Cuthbert, head de Desenvolvimento de Neg\u00f3cios na Cambridge Judge Business School.<\/p>\n<p class=\"canvas-text Mb(1.0em) Mb(0)--sm Mt(0.8em)--sm canvas-atom\" style=\"text-align: justify;\" data-type=\"text\" data-reactid=\".dor65bdp8g.$0.0.0.2.5.0.0.$Col1-0-ContentCanvasProxy.$Col1-0-ContentCanvas.0.4.0:$3\">De acordo com o relat\u00f3rio, 60% dos brasileiros da Gera\u00e7\u00e3o Y estimam o tamanho do fundo que necessitar\u00e3o para a aposentadoria por meio de palpites ao inv\u00e9s de se basearem em dados da ind\u00fastria, com um adicional de 31% que afirmam dar um \u201cpalpite estudado\u201d.<\/p>\n<p class=\"canvas-text Mb(1.0em) Mb(0)--sm Mt(0.8em)--sm canvas-atom\" style=\"text-align: justify;\" data-type=\"text\" data-reactid=\".dor65bdp8g.$0.0.0.2.5.0.0.$Col1-0-ContentCanvasProxy.$Col1-0-ContentCanvas.0.4.0:$4\">Outra descoberta est\u00e1 na aloca\u00e7\u00e3o dos ativos: dada a oportunidade de escolha, os Millennials brasileiros alocariam 47% de sua carteira em produtos de finan\u00e7as sociais, frente a 95% do total de entrevistados que acreditam na limita\u00e7\u00e3o de op\u00e7\u00f5es em fundos de pens\u00e3o.<\/p>\n<p class=\"canvas-text Mb(1.0em) Mb(0)--sm Mt(0.8em)--sm canvas-atom\" style=\"text-align: justify;\" data-type=\"text\" data-reactid=\".dor65bdp8g.$0.0.0.2.5.0.0.$Col1-0-ContentCanvasProxy.$Col1-0-ContentCanvas.0.4.0:$5\">Os dados tamb\u00e9m mostram que a insufici\u00eancia da educa\u00e7\u00e3o financeira \u00e9 uma \u00f3tima oportunidade para provedores de servi\u00e7os financeiros tais como seguradoras de vida, bancos e gestores, para abordarem a Gera\u00e7\u00e3o Y de novas formas. \u201cEmpresas de servi\u00e7os financeiros deveriam desenvolver e educar a gera\u00e7\u00e3o Y sobre investimentos respons\u00e1veis e finan\u00e7as sociais, e tornar mais f\u00e1cil para que eles aloquem uma porcentagem de suas poupan\u00e7as para a aposentadoria nesse segmento\u201d, afirma John Buckley, chefe global de Responsabilidade Social Corporativa no BNY Mellon.<\/p>\n<p class=\"canvas-text Mb(1.0em) Mb(0)--sm Mt(0.8em)--sm canvas-atom\" style=\"text-align: justify;\" data-type=\"text\" data-reactid=\".dor65bdp8g.$0.0.0.2.5.0.0.$Col1-0-ContentCanvasProxy.$Col1-0-ContentCanvas.0.4.0:$6\">A mesma ideia \u00e9 compartilhada por Paul Traynor, head de Seguros para Europa, Oriente M\u00e9dio e \u00c1frica, \u00c1sia e Pac\u00edfico &amp; Am\u00e9rica Latina no BNY Mellon, que diz: \u201cSem uma nova abordagem, enfrentamos um risco real de que a Gera\u00e7\u00e3o Y se torne a Gera\u00e7\u00e3o Perdida \u2013 perdida tanto para o setor de servi\u00e7os financeiros como em termos de sua pr\u00f3pria prepara\u00e7\u00e3o para a aposentadoria\u201d. E completa: \u201cOs membros da Gera\u00e7\u00e3o Y querem que lhes seja dita a verdade sobre o qu\u00e3o pobre eles poder\u00e3o ficar na aposentadoria se eles n\u00e3o come\u00e7arem a poupar cedo. Eles precisam ouvir mais mensagens que confrontem, sejam honestas e realistas sobre os desafios a serem enfrentados no processo de garantir suas aposentadorias\u201d.<\/p>\n<p class=\"canvas-text Mb(1.0em) Mb(0)--sm Mt(0.8em)--sm canvas-atom\" style=\"text-align: justify;\" data-type=\"text\" data-reactid=\".dor65bdp8g.$0.0.0.2.5.0.0.$Col1-0-ContentCanvasProxy.$Col1-0-ContentCanvas.0.4.0:$6\">fonte:\u00a0www.infomoney.com.br<\/p>\n","protected":false},"excerpt":{"rendered":"<p>Um estudo realizado pela BNY Mellon, especializada em gest\u00e3o de investimentos e servi\u00e7os a investidores, em parceria com uma equipe de estudantes da Universidade de Cambridge, nos Estados Unidos, mostrou&#8230;<\/p>\n","protected":false},"author":4,"featured_media":0,"comment_status":"closed","ping_status":"closed","sticky":false,"template":"","format":"standard","meta":{"footnotes":""},"categories":[31],"tags":[],"class_list":["post-8938","post","type-post","status-publish","format-standard","hentry","category-noticias"],"_links":{"self":[{"href":"https:\/\/jusprev.org.br\/backup\/wp-json\/wp\/v2\/posts\/8938","targetHints":{"allow":["GET"]}}],"collection":[{"href":"https:\/\/jusprev.org.br\/backup\/wp-json\/wp\/v2\/posts"}],"about":[{"href":"https:\/\/jusprev.org.br\/backup\/wp-json\/wp\/v2\/types\/post"}],"author":[{"embeddable":true,"href":"https:\/\/jusprev.org.br\/backup\/wp-json\/wp\/v2\/users\/4"}],"replies":[{"embeddable":true,"href":"https:\/\/jusprev.org.br\/backup\/wp-json\/wp\/v2\/comments?post=8938"}],"version-history":[{"count":0,"href":"https:\/\/jusprev.org.br\/backup\/wp-json\/wp\/v2\/posts\/8938\/revisions"}],"wp:attachment":[{"href":"https:\/\/jusprev.org.br\/backup\/wp-json\/wp\/v2\/media?parent=8938"}],"wp:term":[{"taxonomy":"category","embeddable":true,"href":"https:\/\/jusprev.org.br\/backup\/wp-json\/wp\/v2\/categories?post=8938"},{"taxonomy":"post_tag","embeddable":true,"href":"https:\/\/jusprev.org.br\/backup\/wp-json\/wp\/v2\/tags?post=8938"}],"curies":[{"name":"wp","href":"https:\/\/api.w.org\/{rel}","templated":true}]}}