{"id":8950,"date":"2016-04-11T11:57:02","date_gmt":"2016-04-11T14:57:02","guid":{"rendered":"https:\/\/jusprev.org.br\/backup\/?p=8950"},"modified":"2016-04-11T11:57:02","modified_gmt":"2016-04-11T14:57:02","slug":"jusprev-participa-do-xxi-congresso-nacional-dos-procuradores-do-trabalho","status":"publish","type":"post","link":"https:\/\/jusprev.org.br\/backup\/jusprev-participa-do-xxi-congresso-nacional-dos-procuradores-do-trabalho\/","title":{"rendered":"JUSPREV participa do XXI Congresso Nacional dos Procuradores do Trabalho"},"content":{"rendered":"<p style=\"text-align: justify;\">Entre os dias 07 e 10 de abril aconteceu, em S\u00e3o Paulo, o XXI Congresso Nacional dos Procuradores do Trabalho. O evento teve como tema principal de discuss\u00f5es \u201cA atua\u00e7\u00e3o do MPT e suas amplas repercuss\u00f5es nos variados segmentos da sociedade\u201d.<\/p>\n<p style=\"text-align: justify;\">A convite do Presidente da Associa\u00e7\u00e3o Nacional dos Procuradores do Trabalho &#8211; ANPT e integrante do Conselho Deliberativo da JUSPREV, Dr. Carlos Eduardo de Azevedo Lima, a entidade esteve presente no evento representada pela Consultora Previdenci\u00e1ria \u2013 Paola Machado, divulgando seu plano de benef\u00edcios previdenci\u00e1rios e realizando atendimento exclusivo aos interessados em aderir ao PLANJUS.<\/p>\n","protected":false},"excerpt":{"rendered":"<p>Entre os dias 07 e 10 de abril aconteceu, em S\u00e3o Paulo, o XXI Congresso Nacional dos Procuradores do Trabalho. O evento teve como tema principal de discuss\u00f5es \u201cA atua\u00e7\u00e3o&#8230;<\/p>\n","protected":false},"author":4,"featured_media":0,"comment_status":"closed","ping_status":"closed","sticky":false,"template":"","format":"standard","meta":{"footnotes":""},"categories":[31],"tags":[],"class_list":["post-8950","post","type-post","status-publish","format-standard","hentry","category-noticias"],"_links":{"self":[{"href":"https:\/\/jusprev.org.br\/backup\/wp-json\/wp\/v2\/posts\/8950","targetHints":{"allow":["GET"]}}],"collection":[{"href":"https:\/\/jusprev.org.br\/backup\/wp-json\/wp\/v2\/posts"}],"about":[{"href":"https:\/\/jusprev.org.br\/backup\/wp-json\/wp\/v2\/types\/post"}],"author":[{"embeddable":true,"href":"https:\/\/jusprev.org.br\/backup\/wp-json\/wp\/v2\/users\/4"}],"replies":[{"embeddable":true,"href":"https:\/\/jusprev.org.br\/backup\/wp-json\/wp\/v2\/comments?post=8950"}],"version-history":[{"count":0,"href":"https:\/\/jusprev.org.br\/backup\/wp-json\/wp\/v2\/posts\/8950\/revisions"}],"wp:attachment":[{"href":"https:\/\/jusprev.org.br\/backup\/wp-json\/wp\/v2\/media?parent=8950"}],"wp:term":[{"taxonomy":"category","embeddable":true,"href":"https:\/\/jusprev.org.br\/backup\/wp-json\/wp\/v2\/categories?post=8950"},{"taxonomy":"post_tag","embeddable":true,"href":"https:\/\/jusprev.org.br\/backup\/wp-json\/wp\/v2\/tags?post=8950"}],"curies":[{"name":"wp","href":"https:\/\/api.w.org\/{rel}","templated":true}]}}