{"id":8965,"date":"2016-04-20T10:40:37","date_gmt":"2016-04-20T13:40:37","guid":{"rendered":"https:\/\/jusprev.org.br\/backup\/?p=8965"},"modified":"2016-04-20T10:40:37","modified_gmt":"2016-04-20T13:40:37","slug":"expediente-jusprev-feriado-de-tiradentes","status":"publish","type":"post","link":"https:\/\/jusprev.org.br\/backup\/expediente-jusprev-feriado-de-tiradentes\/","title":{"rendered":"Expediente JUSPREV &#8211; Feriado de Tiradentes"},"content":{"rendered":"<p>Em virtude do feriado de Tiradentes, n\u00e3o haver\u00e1 expediente na JUSPREV nesta quinta (21) e sexta-feira (22). As atividades ser\u00e3o normalizadas na segunda-feira (25).<\/p>\n<p>Desejamos a todos um \u00f3timo feriado!!<\/p>\n","protected":false},"excerpt":{"rendered":"<p>Em virtude do feriado de Tiradentes, n\u00e3o haver\u00e1 expediente na JUSPREV nesta quinta (21) e sexta-feira (22). As atividades ser\u00e3o normalizadas na segunda-feira (25). Desejamos a todos um \u00f3timo feriado!!<\/p>\n","protected":false},"author":4,"featured_media":0,"comment_status":"closed","ping_status":"closed","sticky":false,"template":"","format":"standard","meta":{"footnotes":""},"categories":[31],"tags":[],"class_list":["post-8965","post","type-post","status-publish","format-standard","hentry","category-noticias"],"_links":{"self":[{"href":"https:\/\/jusprev.org.br\/backup\/wp-json\/wp\/v2\/posts\/8965","targetHints":{"allow":["GET"]}}],"collection":[{"href":"https:\/\/jusprev.org.br\/backup\/wp-json\/wp\/v2\/posts"}],"about":[{"href":"https:\/\/jusprev.org.br\/backup\/wp-json\/wp\/v2\/types\/post"}],"author":[{"embeddable":true,"href":"https:\/\/jusprev.org.br\/backup\/wp-json\/wp\/v2\/users\/4"}],"replies":[{"embeddable":true,"href":"https:\/\/jusprev.org.br\/backup\/wp-json\/wp\/v2\/comments?post=8965"}],"version-history":[{"count":0,"href":"https:\/\/jusprev.org.br\/backup\/wp-json\/wp\/v2\/posts\/8965\/revisions"}],"wp:attachment":[{"href":"https:\/\/jusprev.org.br\/backup\/wp-json\/wp\/v2\/media?parent=8965"}],"wp:term":[{"taxonomy":"category","embeddable":true,"href":"https:\/\/jusprev.org.br\/backup\/wp-json\/wp\/v2\/categories?post=8965"},{"taxonomy":"post_tag","embeddable":true,"href":"https:\/\/jusprev.org.br\/backup\/wp-json\/wp\/v2\/tags?post=8965"}],"curies":[{"name":"wp","href":"https:\/\/api.w.org\/{rel}","templated":true}]}}