{"id":8977,"date":"2016-04-25T14:06:06","date_gmt":"2016-04-25T17:06:06","guid":{"rendered":"https:\/\/jusprev.org.br\/backup\/?p=8977"},"modified":"2016-04-25T14:06:06","modified_gmt":"2016-04-25T17:06:06","slug":"relatorio-anual-de-informacoes-2015","status":"publish","type":"post","link":"https:\/\/jusprev.org.br\/backup\/relatorio-anual-de-informacoes-2015\/","title":{"rendered":"Relat\u00f3rio Anual de Informa\u00e7\u00f5es 2015"},"content":{"rendered":"<p style=\"text-align: justify;\">O Relat\u00f3rio Anual cont\u00e9m as principais iniciativas relacionadas \u00e0 gest\u00e3o, aos resultados financeiros e atuariais, ao relacionamento com participantes, ao planejamento estrat\u00e9gico para os pr\u00f3ximos anos, al\u00e9m de outras atividades realizadas em 2015.<\/p>\n<p style=\"text-align: justify;\">O documento contempla tamb\u00e9m o Demonstrativo Patrimonial e de Resultados do Plano de Benef\u00edcios Previdenci\u00e1rios (PLANJUS), Manifesta\u00e7\u00f5es dos Conselhos Deliberativo e Fiscal, Pareceres dos Auditores Independentes e Atuarial, Resumo das Informa\u00e7\u00f5es sobre o Demonstrativo de Investimentos e a Pol\u00edtica de Investimentos adotada para o exerc\u00edcio de 2016.<\/p>\n<p style=\"text-align: justify;\">A JUSPREV deseja uma excelente leitura permanecendo \u00e0 disposi\u00e7\u00e3o para esclarecer o que for necess\u00e1rio. <a href=\"https:\/\/jusprev.org.br\/backup\/wp-content\/uploads\/2012\/06\/RAI-2015.pdf\">Clique aqui<\/a>, para visualizar o Relat\u00f3rio.<\/p>\n","protected":false},"excerpt":{"rendered":"<p>O Relat\u00f3rio Anual cont\u00e9m as principais iniciativas relacionadas \u00e0 gest\u00e3o, aos resultados financeiros e atuariais, ao relacionamento com participantes, ao planejamento estrat\u00e9gico para os pr\u00f3ximos anos, al\u00e9m de outras atividades&#8230;<\/p>\n","protected":false},"author":4,"featured_media":0,"comment_status":"closed","ping_status":"closed","sticky":false,"template":"","format":"standard","meta":{"footnotes":""},"categories":[31],"tags":[],"class_list":["post-8977","post","type-post","status-publish","format-standard","hentry","category-noticias"],"_links":{"self":[{"href":"https:\/\/jusprev.org.br\/backup\/wp-json\/wp\/v2\/posts\/8977","targetHints":{"allow":["GET"]}}],"collection":[{"href":"https:\/\/jusprev.org.br\/backup\/wp-json\/wp\/v2\/posts"}],"about":[{"href":"https:\/\/jusprev.org.br\/backup\/wp-json\/wp\/v2\/types\/post"}],"author":[{"embeddable":true,"href":"https:\/\/jusprev.org.br\/backup\/wp-json\/wp\/v2\/users\/4"}],"replies":[{"embeddable":true,"href":"https:\/\/jusprev.org.br\/backup\/wp-json\/wp\/v2\/comments?post=8977"}],"version-history":[{"count":0,"href":"https:\/\/jusprev.org.br\/backup\/wp-json\/wp\/v2\/posts\/8977\/revisions"}],"wp:attachment":[{"href":"https:\/\/jusprev.org.br\/backup\/wp-json\/wp\/v2\/media?parent=8977"}],"wp:term":[{"taxonomy":"category","embeddable":true,"href":"https:\/\/jusprev.org.br\/backup\/wp-json\/wp\/v2\/categories?post=8977"},{"taxonomy":"post_tag","embeddable":true,"href":"https:\/\/jusprev.org.br\/backup\/wp-json\/wp\/v2\/tags?post=8977"}],"curies":[{"name":"wp","href":"https:\/\/api.w.org\/{rel}","templated":true}]}}