{"id":8985,"date":"2016-04-01T15:36:34","date_gmt":"2016-04-01T18:36:34","guid":{"rendered":"https:\/\/jusprev.org.br\/backup\/?p=8985"},"modified":"2016-04-01T15:36:34","modified_gmt":"2016-04-01T18:36:34","slug":"comunicado-aos-participantes-e-assistidos-expediente-explicativo-do-pedido","status":"publish","type":"post","link":"https:\/\/jusprev.org.br\/backup\/comunicado-aos-participantes-e-assistidos-expediente-explicativo-do-pedido\/","title":{"rendered":"Comunicado aos Participantes e Assistidos &#8211; EXPEDIENTE EXPLICATIVO DO PEDIDO"},"content":{"rendered":"<p style=\"text-align: justify;\">Em atendimento ao princ\u00edpio da transpar\u00eancia preceituado no artigo 7\u00b0 da Lei Complementar n\u00b0 109\/2001, o\u00a0Fundo de Pens\u00e3o Multinstitu\u00eddo por Associa\u00e7\u00f5es do Minist\u00e9rio P\u00fablico e da Justi\u00e7a \u2013 JUSPREV, inscrito no CNPJ n.\u00ba 09.350.840\/0001-59, vem, atrav\u00e9s do presente expediente explicativo do pedido, descrever a proposta de altera\u00e7\u00e3o do conte\u00fado de seu Regulamento:<\/p>\n<p style=\"text-align: justify;\">a)\u00a0\u00a0Altera\u00e7\u00f5es para atender as exig\u00eancias propostas na Resolu\u00e7\u00e3o CNPC n.\u00ba 23\/2015;<\/p>\n<p style=\"text-align: justify;\">b) Altera\u00e7\u00f5es para previs\u00e3o de ingresso de membros ao Plano, conforme Resolu\u00e7\u00e3o CNPC n.\u00ba 18\/2015.<\/p>\n<p style=\"text-align: justify;\">c) Altera\u00e7\u00f5es gerais para melhoria do texto e adequa\u00e7\u00e3o do conte\u00fado \u00e0s pr\u00e1ticas operacionais da entidade.<\/p>\n<p style=\"text-align: justify;\">Maria Tereza Uille Gomes<\/p>\n<p style=\"text-align: justify;\" align=\"center\">Diretora-Presidente<\/p>\n<p style=\"text-align: justify;\" align=\"center\"><a href=\"https:\/\/jusprev.org.br\/backup\/wp-content\/uploads\/2016\/04\/REGULAMENTO_PLANJUS.pdf\">Confira\u00a0aqui<\/a>, a proposta de altera\u00e7\u00e3o do conte\u00fado de seu Regulamento.<\/p>\n","protected":false},"excerpt":{"rendered":"<p>Em atendimento ao princ\u00edpio da transpar\u00eancia preceituado no artigo 7\u00b0 da Lei Complementar n\u00b0 109\/2001, o\u00a0Fundo de Pens\u00e3o Multinstitu\u00eddo por Associa\u00e7\u00f5es do Minist\u00e9rio P\u00fablico e da Justi\u00e7a \u2013 JUSPREV, inscrito&#8230;<\/p>\n","protected":false},"author":4,"featured_media":0,"comment_status":"closed","ping_status":"closed","sticky":false,"template":"","format":"standard","meta":{"footnotes":""},"categories":[31],"tags":[],"class_list":["post-8985","post","type-post","status-publish","format-standard","hentry","category-noticias"],"_links":{"self":[{"href":"https:\/\/jusprev.org.br\/backup\/wp-json\/wp\/v2\/posts\/8985","targetHints":{"allow":["GET"]}}],"collection":[{"href":"https:\/\/jusprev.org.br\/backup\/wp-json\/wp\/v2\/posts"}],"about":[{"href":"https:\/\/jusprev.org.br\/backup\/wp-json\/wp\/v2\/types\/post"}],"author":[{"embeddable":true,"href":"https:\/\/jusprev.org.br\/backup\/wp-json\/wp\/v2\/users\/4"}],"replies":[{"embeddable":true,"href":"https:\/\/jusprev.org.br\/backup\/wp-json\/wp\/v2\/comments?post=8985"}],"version-history":[{"count":0,"href":"https:\/\/jusprev.org.br\/backup\/wp-json\/wp\/v2\/posts\/8985\/revisions"}],"wp:attachment":[{"href":"https:\/\/jusprev.org.br\/backup\/wp-json\/wp\/v2\/media?parent=8985"}],"wp:term":[{"taxonomy":"category","embeddable":true,"href":"https:\/\/jusprev.org.br\/backup\/wp-json\/wp\/v2\/categories?post=8985"},{"taxonomy":"post_tag","embeddable":true,"href":"https:\/\/jusprev.org.br\/backup\/wp-json\/wp\/v2\/tags?post=8985"}],"curies":[{"name":"wp","href":"https:\/\/api.w.org\/{rel}","templated":true}]}}