{"id":8990,"date":"2016-05-02T12:21:41","date_gmt":"2016-05-02T15:21:41","guid":{"rendered":"https:\/\/jusprev.org.br\/backup\/?p=8990"},"modified":"2016-05-02T12:21:41","modified_gmt":"2016-05-02T15:21:41","slug":"jusprev-participa-do-encontro-regional-de-magistrados-em-ji-parana","status":"publish","type":"post","link":"https:\/\/jusprev.org.br\/backup\/jusprev-participa-do-encontro-regional-de-magistrados-em-ji-parana\/","title":{"rendered":"JUSPREV participa do Encontro Regional de Magistrados em Ji-Paran\u00e1"},"content":{"rendered":"<div id=\"attachment_8991\" style=\"width: 310px\" class=\"wp-caption alignleft\"><a href=\"https:\/\/jusprev.org.br\/backup\/wp-content\/uploads\/2016\/05\/Deh-Ji-Parana.jpg\"><img loading=\"lazy\" decoding=\"async\" aria-describedby=\"caption-attachment-8991\" class=\"wp-image-8991 size-medium\" src=\"https:\/\/jusprev.org.br\/backup\/wp-content\/uploads\/2016\/05\/Deh-Ji-Parana-300x215.jpg\" alt=\"Deh Ji-Parana\" width=\"300\" height=\"215\" \/><\/a><p id=\"caption-attachment-8991\" class=\"wp-caption-text\">Imagem: AMERON<\/p><\/div>\n<p style=\"text-align: justify;\">Nos dias 29 e 30 de abril aconteceu, em Ji-Paran\u00e1 &#8211; RO, o Encontro Regional de Magistrados. O evento teve como tema principal em suas palestras \u201cEmendas Constitucionais e seus reflexos na aposentadoria dos Servidores P\u00fablicos\u201d.<\/p>\n<p style=\"text-align: justify;\">A convite do Presidente da Associa\u00e7\u00e3o dos Magistrados do Estado de Rond\u00f4nia \u2013 AMERON, Dr. Francisco Borges, a JUSPREV esteve presente no evento representada pela Gerente Geral \u2013 Deborah Maggio, que palestrou sobre seu plano de benef\u00edcios previdenci\u00e1rios, o PLANJUS, apresentando suas principais caracter\u00edsticas, vantagens e benef\u00edcios.<\/p>\n<p style=\"text-align: justify;\">Como primeira atividade realizou-se tamb\u00e9m, no dia 28, na sede da AMERON em Porto Velho, uma palestra exclusiva que apresentou a JUSPREV e seu plano de benef\u00edcios previdenci\u00e1rios para os associados da Associa\u00e7\u00e3o dos Magistrados do Estado de Rond\u00f4nia. Na ocasi\u00e3o, os interessados puderam esclarecer d\u00favidas e receber informa\u00e7\u00f5es importantes sobre o plano.<\/p>\n","protected":false},"excerpt":{"rendered":"<p>Nos dias 29 e 30 de abril aconteceu, em Ji-Paran\u00e1 &#8211; RO, o Encontro Regional de Magistrados. O evento teve como tema principal em suas palestras \u201cEmendas Constitucionais e seus&#8230;<\/p>\n","protected":false},"author":4,"featured_media":0,"comment_status":"closed","ping_status":"closed","sticky":false,"template":"","format":"standard","meta":{"footnotes":""},"categories":[31],"tags":[],"class_list":["post-8990","post","type-post","status-publish","format-standard","hentry","category-noticias"],"_links":{"self":[{"href":"https:\/\/jusprev.org.br\/backup\/wp-json\/wp\/v2\/posts\/8990","targetHints":{"allow":["GET"]}}],"collection":[{"href":"https:\/\/jusprev.org.br\/backup\/wp-json\/wp\/v2\/posts"}],"about":[{"href":"https:\/\/jusprev.org.br\/backup\/wp-json\/wp\/v2\/types\/post"}],"author":[{"embeddable":true,"href":"https:\/\/jusprev.org.br\/backup\/wp-json\/wp\/v2\/users\/4"}],"replies":[{"embeddable":true,"href":"https:\/\/jusprev.org.br\/backup\/wp-json\/wp\/v2\/comments?post=8990"}],"version-history":[{"count":0,"href":"https:\/\/jusprev.org.br\/backup\/wp-json\/wp\/v2\/posts\/8990\/revisions"}],"wp:attachment":[{"href":"https:\/\/jusprev.org.br\/backup\/wp-json\/wp\/v2\/media?parent=8990"}],"wp:term":[{"taxonomy":"category","embeddable":true,"href":"https:\/\/jusprev.org.br\/backup\/wp-json\/wp\/v2\/categories?post=8990"},{"taxonomy":"post_tag","embeddable":true,"href":"https:\/\/jusprev.org.br\/backup\/wp-json\/wp\/v2\/tags?post=8990"}],"curies":[{"name":"wp","href":"https:\/\/api.w.org\/{rel}","templated":true}]}}