{"id":8997,"date":"2016-05-03T16:23:09","date_gmt":"2016-05-03T19:23:09","guid":{"rendered":"https:\/\/jusprev.org.br\/backup\/?p=8997"},"modified":"2016-05-03T16:23:09","modified_gmt":"2016-05-03T19:23:09","slug":"anpt-representa-jusprev-no-encontro-regional-centro-oeste-da-abrapp","status":"publish","type":"post","link":"https:\/\/jusprev.org.br\/backup\/anpt-representa-jusprev-no-encontro-regional-centro-oeste-da-abrapp\/","title":{"rendered":"ANPT representa JUSPREV no Encontro Regional Centro-Oeste da Abrapp"},"content":{"rendered":"<div id=\"attachment_8998\" style=\"width: 310px\" class=\"wp-caption alignleft\"><a href=\"https:\/\/jusprev.org.br\/backup\/wp-content\/uploads\/2016\/05\/jusprev03.jpg\"><img loading=\"lazy\" decoding=\"async\" aria-describedby=\"caption-attachment-8998\" class=\"wp-image-8998 size-medium\" src=\"https:\/\/jusprev.org.br\/backup\/wp-content\/uploads\/2016\/05\/jusprev03-300x200.jpg\" alt=\"jusprev03\" width=\"300\" height=\"200\" \/><\/a><p id=\"caption-attachment-8998\" class=\"wp-caption-text\">Imagem:Ascom\/ANPT<\/p><\/div>\n<p style=\"text-align: justify;\">O presidente da Associa\u00e7\u00e3o Nacional dos Procuradores do Trabalho (ANPT), Carlos Eduardo de Azevedo Lima, na condi\u00e7\u00e3o de membro do Conselho Deliberativo da Previd\u00eancia Associativa do Minist\u00e9rio P\u00fablico e da Justi\u00e7a Brasileira (JUSPREV), participou, na manh\u00e3 desta ter\u00e7a-feira, 02\/05, do Encontro Regional Centro-Oeste promovido pela Associa\u00e7\u00e3o Brasileira das Entidades Fechadas de Previd\u00eancia Complementar (Abrapp). Durante o evento, s\u00e3o discutidos temas importantes relacionadas \u00e0 previd\u00eancia e afins, bem como \u00e9 feito o acompanhamento dos principais projetos e a\u00e7\u00f5es desenvolvidas pela atual gest\u00e3o da Abrapp.<\/p>\n<p style=\"text-align: justify;\">Entre os assuntos debatidos durante o evento em Bras\u00edlia est\u00e3o as a\u00e7\u00f5es concretas para o fomento da previd\u00eancia complementar fechada, o impacto das novas regras de solv\u00eancia sob a \u00f3tica da gest\u00e3o das EFPC. S\u00e3o abordadas, tamb\u00e9m, as perspectivas da economia e da a\u00e7\u00e3o investidora dos fundos de pens\u00e3o e o que pode mudar na governan\u00e7a dos fundos de pens\u00e3o ap\u00f3s os recentes fatos envolvendo caminhos da autorregula\u00e7\u00e3o e agenda propositiva.<\/p>\n<p style=\"text-align: justify;\">fonte:\u00a0www.anpt.org.br<\/p>\n","protected":false},"excerpt":{"rendered":"<p>O presidente da Associa\u00e7\u00e3o Nacional dos Procuradores do Trabalho (ANPT), Carlos Eduardo de Azevedo Lima, na condi\u00e7\u00e3o de membro do Conselho Deliberativo da Previd\u00eancia Associativa do Minist\u00e9rio P\u00fablico e da&#8230;<\/p>\n","protected":false},"author":4,"featured_media":0,"comment_status":"closed","ping_status":"closed","sticky":false,"template":"","format":"standard","meta":{"footnotes":""},"categories":[31],"tags":[],"class_list":["post-8997","post","type-post","status-publish","format-standard","hentry","category-noticias"],"_links":{"self":[{"href":"https:\/\/jusprev.org.br\/backup\/wp-json\/wp\/v2\/posts\/8997","targetHints":{"allow":["GET"]}}],"collection":[{"href":"https:\/\/jusprev.org.br\/backup\/wp-json\/wp\/v2\/posts"}],"about":[{"href":"https:\/\/jusprev.org.br\/backup\/wp-json\/wp\/v2\/types\/post"}],"author":[{"embeddable":true,"href":"https:\/\/jusprev.org.br\/backup\/wp-json\/wp\/v2\/users\/4"}],"replies":[{"embeddable":true,"href":"https:\/\/jusprev.org.br\/backup\/wp-json\/wp\/v2\/comments?post=8997"}],"version-history":[{"count":0,"href":"https:\/\/jusprev.org.br\/backup\/wp-json\/wp\/v2\/posts\/8997\/revisions"}],"wp:attachment":[{"href":"https:\/\/jusprev.org.br\/backup\/wp-json\/wp\/v2\/media?parent=8997"}],"wp:term":[{"taxonomy":"category","embeddable":true,"href":"https:\/\/jusprev.org.br\/backup\/wp-json\/wp\/v2\/categories?post=8997"},{"taxonomy":"post_tag","embeddable":true,"href":"https:\/\/jusprev.org.br\/backup\/wp-json\/wp\/v2\/tags?post=8997"}],"curies":[{"name":"wp","href":"https:\/\/api.w.org\/{rel}","templated":true}]}}