{"id":9044,"date":"2016-06-02T15:26:49","date_gmt":"2016-06-02T18:26:49","guid":{"rendered":"https:\/\/jusprev.org.br\/backup\/?p=9044"},"modified":"2016-06-02T15:26:49","modified_gmt":"2016-06-02T18:26:49","slug":"integrante-do-conselho-fiscal-da-jusprev-participa-do-curso-exercicio-da-funcao-de-conselheiro-promovido-pela-abrapp","status":"publish","type":"post","link":"https:\/\/jusprev.org.br\/backup\/integrante-do-conselho-fiscal-da-jusprev-participa-do-curso-exercicio-da-funcao-de-conselheiro-promovido-pela-abrapp\/","title":{"rendered":"Integrante do Conselho Fiscal da JUSPREV participa do curso Exerc\u00edcio da Fun\u00e7\u00e3o de Conselheiro promovido pela ABRAPP"},"content":{"rendered":"<div class=\"\" data-block=\"true\" data-editor=\"77jaf\" data-offset-key=\"76et9-0-0\">\n<div class=\"_1mf _1mj\" style=\"text-align: justify;\" data-offset-key=\"76et9-0-0\">No dia 31 de maio, a ABRAPP deu in\u00edcio ao Curso de Exerc\u00edcio da Fun\u00e7\u00e3o de Conselheiro. O curso que est\u00e1 sendo realizado em Bras\u00edlia, contar\u00e1 com 5 m\u00f3dulos e tem por objetivo capacitar, sob perspectiva pr\u00e1tica, conselheiros das entidades fechadas de previd\u00eancia complementar, profissionais com s\u00f3lida experi\u00eancia em suas \u00e1reas, sejam nas empresas patrocinadoras ou nas organiza\u00e7\u00f5es de representa\u00e7\u00e3o dos empregados e participantes, a atuarem como conselheiros e serem, de forma colegiada, agentes promotores do desenvolvimento da boa governan\u00e7a dos fundos de pens\u00e3o. O programa apresenta e discute o papel e responsabilidades do Conselho e sua rela\u00e7\u00e3o com a gest\u00e3o, oferecendo viv\u00eancia nas quest\u00f5es essenciais, as quais lhe cabem decis\u00e3o e monitoramento.<\/div>\n<\/div>\n<div class=\"\" style=\"text-align: justify;\" data-block=\"true\" data-editor=\"77jaf\" data-offset-key=\"4ps8c-0-0\">\n<div class=\"_1mf _1mj\" data-offset-key=\"4ps8c-0-0\"><span data-offset-key=\"4ps8c-0-0\">\u00a0<\/span><\/div>\n<\/div>\n<div class=\"\" data-block=\"true\" data-editor=\"77jaf\" data-offset-key=\"bebhn-0-0\">\n<div class=\"_1mf _1mj\" style=\"text-align: justify;\" data-offset-key=\"bebhn-0-0\"><span data-offset-key=\"bebhn-0-0\"><span data-text=\"true\">O Conselheiro Fiscal Efetivo da JUSPREV, Dr. Fabio Consta Gonzaga da ASMETO \u2013 Associa\u00e7\u00e3o dos Magistrados do Estado de Tocantins, est\u00e1 participando do curso adquirindo assim compet\u00eancias que lhe permitam o conhecimento sobre seu papel, responsabilidades e o bom funcionamento do conselho, prepara\u00e7\u00e3o pr\u00e1tica para atua\u00e7\u00e3o cr\u00edtica, como conselheiro, e compreens\u00e3o dos principais temas em que o conselho deve atuar e deliberar e compreender a rela\u00e7\u00e3o entre os conselhos, a gest\u00e3o das entidades fechadas de previd\u00eancia complementar, patrocinadoras, participantes e \u00f3rg\u00e3o fiscalizador.<\/span><\/span><\/div>\n<\/div>\n","protected":false},"excerpt":{"rendered":"<p>No dia 31 de maio, a ABRAPP deu in\u00edcio ao Curso de Exerc\u00edcio da Fun\u00e7\u00e3o de Conselheiro. O curso que est\u00e1 sendo realizado em Bras\u00edlia, contar\u00e1 com 5 m\u00f3dulos e&#8230;<\/p>\n","protected":false},"author":4,"featured_media":0,"comment_status":"closed","ping_status":"closed","sticky":false,"template":"","format":"standard","meta":{"footnotes":""},"categories":[31],"tags":[],"class_list":["post-9044","post","type-post","status-publish","format-standard","hentry","category-noticias"],"_links":{"self":[{"href":"https:\/\/jusprev.org.br\/backup\/wp-json\/wp\/v2\/posts\/9044","targetHints":{"allow":["GET"]}}],"collection":[{"href":"https:\/\/jusprev.org.br\/backup\/wp-json\/wp\/v2\/posts"}],"about":[{"href":"https:\/\/jusprev.org.br\/backup\/wp-json\/wp\/v2\/types\/post"}],"author":[{"embeddable":true,"href":"https:\/\/jusprev.org.br\/backup\/wp-json\/wp\/v2\/users\/4"}],"replies":[{"embeddable":true,"href":"https:\/\/jusprev.org.br\/backup\/wp-json\/wp\/v2\/comments?post=9044"}],"version-history":[{"count":0,"href":"https:\/\/jusprev.org.br\/backup\/wp-json\/wp\/v2\/posts\/9044\/revisions"}],"wp:attachment":[{"href":"https:\/\/jusprev.org.br\/backup\/wp-json\/wp\/v2\/media?parent=9044"}],"wp:term":[{"taxonomy":"category","embeddable":true,"href":"https:\/\/jusprev.org.br\/backup\/wp-json\/wp\/v2\/categories?post=9044"},{"taxonomy":"post_tag","embeddable":true,"href":"https:\/\/jusprev.org.br\/backup\/wp-json\/wp\/v2\/tags?post=9044"}],"curies":[{"name":"wp","href":"https:\/\/api.w.org\/{rel}","templated":true}]}}