{"id":9066,"date":"2016-07-07T14:56:05","date_gmt":"2016-07-07T17:56:05","guid":{"rendered":"https:\/\/jusprev.org.br\/backup\/?p=9066"},"modified":"2016-07-07T14:56:05","modified_gmt":"2016-07-07T17:56:05","slug":"jusprev-participa-do-vii-encontro-de-previdencia-complementar-da-regiao-sul","status":"publish","type":"post","link":"https:\/\/jusprev.org.br\/backup\/jusprev-participa-do-vii-encontro-de-previdencia-complementar-da-regiao-sul\/","title":{"rendered":"JUSPREV participa do VII Encontro de Previd\u00eancia Complementar da Regi\u00e3o Sul"},"content":{"rendered":"<p style=\"text-align: justify;\"><a href=\"https:\/\/jusprev.org.br\/backup\/wp-content\/uploads\/2016\/07\/WhatsApp-Image-201607074.jpeg\"><img loading=\"lazy\" decoding=\"async\" class=\"alignleft wp-image-9068 size-medium\" src=\"https:\/\/jusprev.org.br\/backup\/wp-content\/uploads\/2016\/07\/WhatsApp-Image-201607074-300x198.jpeg\" alt=\"WhatsApp-Image-20160707(4)\" width=\"300\" height=\"198\" \/><\/a>Entre os dias 06 e 08 de julho acontece, no Sal\u00e3o de Atos do Parque Barigui \u2013 Curitiba, o\u00a0Encontro de Previd\u00eancia Complementar da Regi\u00e3o Sul, realizado pela PREVIPAR.<\/p>\n<p style=\"text-align: justify;\">A JUSPREV, representada pela Diretora-Presidente Dra. Maria Tereza Uille Gomes, participou ontem (06) do evento apresentando o painel \u201cInforma\u00e7\u00e3o como importante instrumento de gest\u00e3o\u201d. Na ocasi\u00e3o, tamb\u00e9m foi proposto a cria\u00e7\u00e3o de um grupo de trabalho com o objetivo de criar novas estrat\u00e9gias para difundir a cultura previdenci\u00e1ria, aumentar o n\u00famero de participantes, a rentabilidade dos fundos, e gerar competitividade entre gestores e prestadores de servi\u00e7o.<\/p>\n<p style=\"text-align: justify;\">O tema escolhido para o evento\u00a0<strong>Novos Tempos, Novos Clientes, Novos Produtos<\/strong>, est\u00e1 perfeitamente alinhado com o atual momento, de muitas incertezas, tanto pol\u00edticas quanto econ\u00f4micas criando, dessa forma, importantes debates que incentivam a reflex\u00e3o por parte dos profissionais, dirigentes e conselheiros sobre como os fundos de pens\u00e3o ir\u00e3o transformar estes desafios em oportunidades, qual o papel dos conselheiros, como devem conduzir os caminhos a serem trilhados e como a comunica\u00e7\u00e3o com o participante deve ser efetivada para que a previd\u00eancia seja fomentada em um ambiente de incertezas.<\/p>\n","protected":false},"excerpt":{"rendered":"<p>Entre os dias 06 e 08 de julho acontece, no Sal\u00e3o de Atos do Parque Barigui \u2013 Curitiba, o\u00a0Encontro de Previd\u00eancia Complementar da Regi\u00e3o Sul, realizado pela PREVIPAR. A JUSPREV,&#8230;<\/p>\n","protected":false},"author":4,"featured_media":0,"comment_status":"closed","ping_status":"closed","sticky":false,"template":"","format":"standard","meta":{"footnotes":""},"categories":[31],"tags":[],"class_list":["post-9066","post","type-post","status-publish","format-standard","hentry","category-noticias"],"_links":{"self":[{"href":"https:\/\/jusprev.org.br\/backup\/wp-json\/wp\/v2\/posts\/9066","targetHints":{"allow":["GET"]}}],"collection":[{"href":"https:\/\/jusprev.org.br\/backup\/wp-json\/wp\/v2\/posts"}],"about":[{"href":"https:\/\/jusprev.org.br\/backup\/wp-json\/wp\/v2\/types\/post"}],"author":[{"embeddable":true,"href":"https:\/\/jusprev.org.br\/backup\/wp-json\/wp\/v2\/users\/4"}],"replies":[{"embeddable":true,"href":"https:\/\/jusprev.org.br\/backup\/wp-json\/wp\/v2\/comments?post=9066"}],"version-history":[{"count":0,"href":"https:\/\/jusprev.org.br\/backup\/wp-json\/wp\/v2\/posts\/9066\/revisions"}],"wp:attachment":[{"href":"https:\/\/jusprev.org.br\/backup\/wp-json\/wp\/v2\/media?parent=9066"}],"wp:term":[{"taxonomy":"category","embeddable":true,"href":"https:\/\/jusprev.org.br\/backup\/wp-json\/wp\/v2\/categories?post=9066"},{"taxonomy":"post_tag","embeddable":true,"href":"https:\/\/jusprev.org.br\/backup\/wp-json\/wp\/v2\/tags?post=9066"}],"curies":[{"name":"wp","href":"https:\/\/api.w.org\/{rel}","templated":true}]}}