{"id":9076,"date":"2016-07-12T17:05:57","date_gmt":"2016-07-12T20:05:57","guid":{"rendered":"https:\/\/jusprev.org.br\/backup\/?p=9076"},"modified":"2016-07-12T17:05:57","modified_gmt":"2016-07-12T20:05:57","slug":"dois-novos-talentos-integram-a-equipe-propria-de-consultoria-da-jusprev","status":"publish","type":"post","link":"https:\/\/jusprev.org.br\/backup\/dois-novos-talentos-integram-a-equipe-propria-de-consultoria-da-jusprev\/","title":{"rendered":"Dois novos talentos integram a equipe pr\u00f3pria de consultoria da JUSPREV"},"content":{"rendered":"<div id=\"attachment_9077\" style=\"width: 310px\" class=\"wp-caption alignleft\"><a href=\"https:\/\/jusprev.org.br\/backup\/wp-content\/uploads\/2016\/07\/foto-3-consultores.jpg\"><img loading=\"lazy\" decoding=\"async\" aria-describedby=\"caption-attachment-9077\" class=\"wp-image-9077 size-medium\" src=\"https:\/\/jusprev.org.br\/backup\/wp-content\/uploads\/2016\/07\/foto-3-consultores-300x183.jpg\" alt=\"foto 3 consultores\" width=\"300\" height=\"183\" \/><\/a><p id=\"caption-attachment-9077\" class=\"wp-caption-text\">Alexandre dos Santos, Paola Machado e Carolina Dutra formam a equipe de Consultores da JUSPREV<\/p><\/div>\n<p style=\"text-align: justify;\">A JUSPREV anuncia a contrata\u00e7\u00e3o de dois novos consultores previdenci\u00e1rios, que formar\u00e3o a primeira equipe pr\u00f3pria de consultores da Entidade e representar\u00e3o, primeiramente, as regi\u00f5es sul e sudeste, realizando atendimentos personalizados e compartilhando conhecimento financeiro e cultura previdenci\u00e1ria. S\u00e3o eles:<\/p>\n<p style=\"text-align: justify;\">Alexandre dos Santos \u00e9 formado em Direito pela FACNOPAR &#8211; Faculdade do Norte Novo de Apucarana, com P\u00f3s-Gradua\u00e7\u00e3o pela Escola da Magistratura do Paran\u00e1. Com vasta experi\u00eancia profissional, o novo consultor j\u00e1 atua h\u00e1 18 anos no mercado de vendas e em atividades relacionadas \u00e0 sua forma\u00e7\u00e3o. O profissional ser\u00e1 respons\u00e1vel pela consultoria nos estados da Regi\u00e3o Sul do pa\u00eds.<\/p>\n<p>Carolina Dutra, \u00e9 Graduada em\u00a0Administra\u00e7\u00e3o de Empresas pela PUC\/MG e MBA em\u00a0Gest\u00e3o Comercial pela FGV. Atuou por mais de 10 anos como gerente de bancos privados e consultora de investimentos. Possui know-how em consultoria de\u00a0investimentos e an\u00e1lise de\u00a0portf\u00f3lios. Diversificou sua experi\u00eancia\u00a0comercializando fundos de grandes <em>Assets<\/em> com\u00a0aloca\u00e7\u00e3o de ativos globalizado. Carolina ser\u00e1 a respons\u00e1vel pelo atendimento na Regi\u00e3o Sudeste.<\/p>\n<p style=\"text-align: justify;\">A JUSPREV ter\u00e1 como Coordenadora dos Consultores, Paola Machado. \u00a0A profissional \u00e9 Bacharel em Administra\u00e7\u00e3o de Empresas pela PUC\/PR. Possui mais de 7 anos de experi\u00eancia em fundos de pens\u00e3o atuando tamb\u00e9m nas \u00e1reas de relacionamento\u00a0e operacional. Iniciou suas atividades como Consultora Previdenci\u00e1ria na JUSPREV em junho de 2015.<\/p>\n<p style=\"text-align: justify;\"><strong>Equipe pr\u00f3pria:<\/strong><\/p>\n<p style=\"text-align: justify;\">Buscando aprimorar o atendimento aos potenciais participantes, a JUSPREV, no ano de 2015, contratou uma nova profissional para prestar consultoria personalizada. A forma\u00e7\u00e3o da equipe pr\u00f3pria de consultores \u00e9 uma forma de coordenar todo o processo de ades\u00f5es ao PLANJUS e assimilar definitivamente a identidade da JUSPREV conhecendo a cultura, os valores e os princ\u00edpios da entidade. Al\u00e9m disso, a vis\u00e3o de profissionais tecnicamente capacitados e qualificados ajuda na renova\u00e7\u00e3o, levando as pessoas envolvidas no projeto a uma busca por melhores resultados, utilizando ferramentas gerenciais mais efetivas, em busca da melhoria cont\u00ednua.<\/p>\n","protected":false},"excerpt":{"rendered":"<p>A JUSPREV anuncia a contrata\u00e7\u00e3o de dois novos consultores previdenci\u00e1rios, que formar\u00e3o a primeira equipe pr\u00f3pria de consultores da Entidade e representar\u00e3o, primeiramente, as regi\u00f5es sul e sudeste, realizando atendimentos&#8230;<\/p>\n","protected":false},"author":4,"featured_media":0,"comment_status":"closed","ping_status":"closed","sticky":false,"template":"","format":"standard","meta":{"footnotes":""},"categories":[31],"tags":[],"class_list":["post-9076","post","type-post","status-publish","format-standard","hentry","category-noticias"],"_links":{"self":[{"href":"https:\/\/jusprev.org.br\/backup\/wp-json\/wp\/v2\/posts\/9076","targetHints":{"allow":["GET"]}}],"collection":[{"href":"https:\/\/jusprev.org.br\/backup\/wp-json\/wp\/v2\/posts"}],"about":[{"href":"https:\/\/jusprev.org.br\/backup\/wp-json\/wp\/v2\/types\/post"}],"author":[{"embeddable":true,"href":"https:\/\/jusprev.org.br\/backup\/wp-json\/wp\/v2\/users\/4"}],"replies":[{"embeddable":true,"href":"https:\/\/jusprev.org.br\/backup\/wp-json\/wp\/v2\/comments?post=9076"}],"version-history":[{"count":0,"href":"https:\/\/jusprev.org.br\/backup\/wp-json\/wp\/v2\/posts\/9076\/revisions"}],"wp:attachment":[{"href":"https:\/\/jusprev.org.br\/backup\/wp-json\/wp\/v2\/media?parent=9076"}],"wp:term":[{"taxonomy":"category","embeddable":true,"href":"https:\/\/jusprev.org.br\/backup\/wp-json\/wp\/v2\/categories?post=9076"},{"taxonomy":"post_tag","embeddable":true,"href":"https:\/\/jusprev.org.br\/backup\/wp-json\/wp\/v2\/tags?post=9076"}],"curies":[{"name":"wp","href":"https:\/\/api.w.org\/{rel}","templated":true}]}}