{"id":9224,"date":"2016-08-30T09:47:58","date_gmt":"2016-08-30T12:47:58","guid":{"rendered":"https:\/\/jusprev.org.br\/backup\/?p=9224"},"modified":"2016-08-30T09:47:58","modified_gmt":"2016-08-30T12:47:58","slug":"jusprev-empossa-diretoria-e-lanca-clube-de-vantagens","status":"publish","type":"post","link":"https:\/\/jusprev.org.br\/backup\/jusprev-empossa-diretoria-e-lanca-clube-de-vantagens\/","title":{"rendered":"JUSPREV empossa diretoria e lan\u00e7a Clube de Vantagens"},"content":{"rendered":"<p style=\"text-align: justify; text-indent: 36.0pt; margin: 0cm 0cm 6.0pt 0cm;\"><span style=\"font-size: 11.0pt; font-family: 'Arial',sans-serif; color: black;\">Na \u00faltima segunda-feira, 29 de agosto, durante a reuni\u00e3o dos \u00d3rg\u00e3os Colegiados da JUSPREV, foi escolhida e empossada a diretoria que comandar\u00e1 a entidade na gest\u00e3o 2016 -2019. Continuam \u00e0 frente da JUSPREV, como diretora presidente, Maria Tereza Uille Gomes, e como diretor administrativo e financeiro, Jair Santana. Assume como diretor jur\u00eddico e de benef\u00edcios, Marcio Humberto Gheller, sucedendo H\u00e9rcules Maia Kotsifas (conhe\u00e7a o curr\u00edculo resumido dos <\/span><a href=\"https:\/\/jusprev.org.br\/backup\/?page_id=789\"><span style=\"font-size: 11.0pt; font-family: 'Arial',sans-serif;\">integrantes da diretoria<\/span><\/a><span style=\"font-size: 11.0pt; font-family: 'Arial',sans-serif; color: black;\">).<\/span><\/p>\n<p style=\"text-align: justify; text-indent: 36.0pt; margin: 0cm 0cm 6.0pt 0cm;\"><span style=\"font-size: 11.0pt; font-family: 'Arial',sans-serif; color: black;\">Na gest\u00e3o que se inicia ser\u00e1 priorizada a estrat\u00e9gia de expans\u00e3o da carteira de participantes, por meio da consolida\u00e7\u00e3o da rede pr\u00f3pria de consultores, bem como de uma atua\u00e7\u00e3o mais pr\u00f3xima \u00e0s Instituidoras. <\/span><\/p>\n<p style=\"text-align: justify; text-indent: 36.0pt; margin: 0cm 0cm 6.0pt 0cm;\"><b><span style=\"font-size: 11.0pt; font-family: 'Arial',sans-serif; color: black;\">Clube de Vantagens JUSPREV<\/span><\/b><span style=\"font-size: 11.0pt; font-family: 'Arial',sans-serif; color: black;\"> &#8211; Durante a reuni\u00e3o dos \u00d3rg\u00e3os Colegiados, foi lan\u00e7ado o Clube de Vantagens JUSPREV, portf\u00f3lio de benef\u00edcios que oferece servi\u00e7os diferenciados aos participantes e a todos os associados de suas Instituidoras, por meio de parcerias com empresas de turismo, gastronomia, estilo de vida e sa\u00fade. \u00c9 poss\u00edvel usufruir dos benef\u00edcios oferecidos pelos estabelecimentos parceiros, mediante uso de um c\u00f3digo exclusivo, que ser\u00e1 enviado por email a todos os participantes. Aos associados das Instituidoras que ainda n\u00e3o sejam participantes da JUSPREV ser\u00e3o disponibilizados alguns benef\u00edcios, mediante solicita\u00e7\u00e3o de participa\u00e7\u00e3o no Clube feita pelo interessado, via e-mail <\/span><a href=\"mailto:clubedevantagens@jusprev.org.br\"><span style=\"font-size: 11.0pt; font-family: 'Arial',sans-serif;\">clubedevantagens@jusprev.org.br<\/span><\/a><span style=\"font-size: 11.0pt; font-family: 'Arial',sans-serif; color: #414b52;\">.<\/span><span style=\"font-size: 11.0pt; font-family: 'Arial',sans-serif; color: black;\"> Na solicita\u00e7\u00e3o, o associado deve informar nome completo, associa\u00e7\u00e3o a que \u00e9 vinculado (entre as Instituidoras da JUSPREV), email, telefones e cidade onde mora. Conhe\u00e7a os parceiros iniciais e saiba detalhes sobre o Clube de Vantagens no <\/span><a href=\"https:\/\/jusprev.org.br\/backup\/?page_id=9138\"><span style=\"font-size: 11.0pt; font-family: 'Arial',sans-serif;\">site da JUSPREV<\/span><\/a><span style=\"font-size: 11.0pt; font-family: 'Arial',sans-serif; color: black;\">. <\/span><\/p>\n<p style=\"text-align: justify; text-indent: 36.0pt; margin: 0cm 0cm 6.0pt 0cm;\"><b><span style=\"font-size: 11.0pt; font-family: 'Arial',sans-serif; color: black;\">Participa\u00e7\u00e3o <\/span><\/b><span style=\"font-size: 11.0pt; font-family: 'Arial',sans-serif; color: black;\">&#8211; Participaram da reuni\u00e3o, a segunda realizada pelos \u00d3rg\u00e3os Colegiados neste ano, representantes da Associa\u00e7\u00e3o Brasileira das Cooperativas de Cr\u00e9dito do Judici\u00e1rio, Minist\u00e9rio P\u00fablico e Institui\u00e7\u00f5es Jur\u00eddicas; da Associa\u00e7\u00e3o Nacional do Minist\u00e9rio P\u00fablico de Contas; Associa\u00e7\u00e3o Nacional do Minist\u00e9rio P\u00fablico Militar; Associa\u00e7\u00e3o Nacional dos Auditores Fiscais da Receita Federal do Brasil; Associa\u00e7\u00e3o do Minist\u00e9rio P\u00fablico do Estado do Amap\u00e1; do Estado do Rio de Janeiro; do Rio Grande do Sul; Associa\u00e7\u00e3o Mineira do Minist\u00e9rio P\u00fablico; Associa\u00e7\u00e3o Paulista de Magistrados; Associa\u00e7\u00e3o dos Magistrados do Estado de Tocantins; Associa\u00e7\u00e3o dos Magistrados Mineiros; Associa\u00e7\u00e3o dos Magistrados do Trabalho da 2.a Regi\u00e3o; Associa\u00e7\u00e3o dos Procuradores do Estado de S\u00e3o Paulo; Associa\u00e7\u00e3o dos Procuradores do Estado do Paran\u00e1; e Associa\u00e7\u00e3o Paranaense dos Advogados P\u00fablicos.<\/span><\/p>\n<table border=\"0\">\n<tbody>\n<tr>\n<td align=\"center\">\n<p style=\"text-align: justify; text-indent: 36.0pt; margin: 0cm 0cm 6.0pt 0cm;\"><a href=\"https:\/\/jusprev.org.br\/backup\/wp-content\/uploads\/2016\/08\/NovaDiretoria29082016.jpg\"><img loading=\"lazy\" decoding=\"async\" class=\"size-thumbnail wp-image-9226 aligncenter\" src=\"https:\/\/jusprev.org.br\/backup\/wp-content\/uploads\/2016\/08\/NovaDiretoria29082016-150x150.jpg\" alt=\"NovaDiretoria29082016\" width=\"150\" height=\"150\" \/><\/a><\/p>\n<\/td>\n<td align=\"center\">\n<p style=\"text-align: justify; text-indent: 36.0pt; margin: 0cm 0cm 6.0pt 0cm;\"><a href=\"https:\/\/jusprev.org.br\/backup\/wp-content\/uploads\/2016\/08\/EquipeInternaJUSPREV29082016.jpg\"><img loading=\"lazy\" decoding=\"async\" class=\"size-thumbnail wp-image-9225 aligncenter\" src=\"https:\/\/jusprev.org.br\/backup\/wp-content\/uploads\/2016\/08\/EquipeInternaJUSPREV29082016-150x150.jpg\" alt=\"EquipeInternaJUSPREV29082016\" width=\"150\" height=\"150\" \/><\/a><\/p>\n<\/td>\n<td align=\"center\">\n<p style=\"text-align: justify; text-indent: 36.0pt; margin: 0cm 0cm 6.0pt 0cm;\"><a href=\"https:\/\/jusprev.org.br\/backup\/wp-content\/uploads\/2016\/08\/participantesReuniao29082016.jpg\"><img loading=\"lazy\" decoding=\"async\" class=\"size-thumbnail wp-image-9227 aligncenter\" src=\"https:\/\/jusprev.org.br\/backup\/wp-content\/uploads\/2016\/08\/participantesReuniao29082016-150x150.jpg\" alt=\"participantesReuniao29082016\" width=\"150\" height=\"150\" \/><\/a><\/p>\n<\/td>\n<\/tr>\n<tr>\n<td align=\"center\">Diretoria escolhida para a gest\u00e3o 2016 -2019<\/td>\n<td align=\"center\">Participantes da reuni\u00e3o dos \u00d3rg\u00e3os Colegiados realizada em 29\/08\/2016<\/td>\n<td align=\"center\">Equipe interna da JUSPREV<\/td>\n<\/tr>\n<\/tbody>\n<\/table>\n","protected":false},"excerpt":{"rendered":"<p>Na \u00faltima segunda-feira, 29 de agosto, durante a reuni\u00e3o dos \u00d3rg\u00e3os Colegiados da JUSPREV, foi escolhida e empossada a diretoria que comandar\u00e1 a entidade na gest\u00e3o 2016 -2019. Continuam \u00e0&#8230;<\/p>\n","protected":false},"author":5,"featured_media":0,"comment_status":"closed","ping_status":"closed","sticky":false,"template":"","format":"standard","meta":{"footnotes":""},"categories":[31],"tags":[],"class_list":["post-9224","post","type-post","status-publish","format-standard","hentry","category-noticias"],"_links":{"self":[{"href":"https:\/\/jusprev.org.br\/backup\/wp-json\/wp\/v2\/posts\/9224","targetHints":{"allow":["GET"]}}],"collection":[{"href":"https:\/\/jusprev.org.br\/backup\/wp-json\/wp\/v2\/posts"}],"about":[{"href":"https:\/\/jusprev.org.br\/backup\/wp-json\/wp\/v2\/types\/post"}],"author":[{"embeddable":true,"href":"https:\/\/jusprev.org.br\/backup\/wp-json\/wp\/v2\/users\/5"}],"replies":[{"embeddable":true,"href":"https:\/\/jusprev.org.br\/backup\/wp-json\/wp\/v2\/comments?post=9224"}],"version-history":[{"count":0,"href":"https:\/\/jusprev.org.br\/backup\/wp-json\/wp\/v2\/posts\/9224\/revisions"}],"wp:attachment":[{"href":"https:\/\/jusprev.org.br\/backup\/wp-json\/wp\/v2\/media?parent=9224"}],"wp:term":[{"taxonomy":"category","embeddable":true,"href":"https:\/\/jusprev.org.br\/backup\/wp-json\/wp\/v2\/categories?post=9224"},{"taxonomy":"post_tag","embeddable":true,"href":"https:\/\/jusprev.org.br\/backup\/wp-json\/wp\/v2\/tags?post=9224"}],"curies":[{"name":"wp","href":"https:\/\/api.w.org\/{rel}","templated":true}]}}