{"id":9422,"date":"2016-09-06T18:07:10","date_gmt":"2016-09-06T21:07:10","guid":{"rendered":"https:\/\/jusprev.org.br\/backup\/?p=9422"},"modified":"2016-09-06T18:07:10","modified_gmt":"2016-09-06T21:07:10","slug":"jusprev-lanca-a-campanha-foto-de-capa","status":"publish","type":"post","link":"https:\/\/jusprev.org.br\/backup\/jusprev-lanca-a-campanha-foto-de-capa\/","title":{"rendered":"JUSPREV lan\u00e7a a campanha \u201cFoto de Capa\u201d"},"content":{"rendered":"<p align=\"justify\">A JUSPREV lan\u00e7ou nesta semana a Campanha Foto de Capa. A a\u00e7\u00e3o institucional, voltada a todos os participantes, tem como objetivo promover a integra\u00e7\u00e3o e possibilitar maior identifica\u00e7\u00e3o do p\u00fablico com as futuras divulga\u00e7\u00f5es do PLANJUS, por meio da busca de fotografias que retratem as fam\u00edlias da JUSPREV e das imagens que os participantes t\u00eam do tema aposentadoria e bem-estar. Voc\u00ea pode participar!<\/p>\n<p align=\"justify\"><a href=\"https:\/\/jusprev.org.br\/backup\/wp-content\/uploads\/2016\/09\/CampanhaFotodeCapaTermo.pdf\" target=\"_blanck\">Leia aqui o Regulamento da Campanha<\/a>.<\/p>\n","protected":false},"excerpt":{"rendered":"<p>A JUSPREV lan\u00e7ou nesta semana a Campanha Foto de Capa. A a\u00e7\u00e3o institucional, voltada a todos os participantes, tem como objetivo promover a integra\u00e7\u00e3o e possibilitar maior identifica\u00e7\u00e3o do p\u00fablico&#8230;<\/p>\n","protected":false},"author":5,"featured_media":0,"comment_status":"closed","ping_status":"closed","sticky":false,"template":"","format":"standard","meta":{"footnotes":""},"categories":[31],"tags":[],"class_list":["post-9422","post","type-post","status-publish","format-standard","hentry","category-noticias"],"_links":{"self":[{"href":"https:\/\/jusprev.org.br\/backup\/wp-json\/wp\/v2\/posts\/9422","targetHints":{"allow":["GET"]}}],"collection":[{"href":"https:\/\/jusprev.org.br\/backup\/wp-json\/wp\/v2\/posts"}],"about":[{"href":"https:\/\/jusprev.org.br\/backup\/wp-json\/wp\/v2\/types\/post"}],"author":[{"embeddable":true,"href":"https:\/\/jusprev.org.br\/backup\/wp-json\/wp\/v2\/users\/5"}],"replies":[{"embeddable":true,"href":"https:\/\/jusprev.org.br\/backup\/wp-json\/wp\/v2\/comments?post=9422"}],"version-history":[{"count":0,"href":"https:\/\/jusprev.org.br\/backup\/wp-json\/wp\/v2\/posts\/9422\/revisions"}],"wp:attachment":[{"href":"https:\/\/jusprev.org.br\/backup\/wp-json\/wp\/v2\/media?parent=9422"}],"wp:term":[{"taxonomy":"category","embeddable":true,"href":"https:\/\/jusprev.org.br\/backup\/wp-json\/wp\/v2\/categories?post=9422"},{"taxonomy":"post_tag","embeddable":true,"href":"https:\/\/jusprev.org.br\/backup\/wp-json\/wp\/v2\/tags?post=9422"}],"curies":[{"name":"wp","href":"https:\/\/api.w.org\/{rel}","templated":true}]}}